{"id":510413,"date":"2025-10-19T08:41:11","date_gmt":"2025-10-19T08:41:11","guid":{"rendered":"https:\/\/www.europesays.com\/de\/510413\/"},"modified":"2025-10-19T08:41:11","modified_gmt":"2025-10-19T08:41:11","slug":"limp-bizkit-bassist-sam-rivers-mit-48-jahren-gestorben","status":"publish","type":"post","link":"https:\/\/www.europesays.com\/de\/510413\/","title":{"rendered":"Limp Bizkit Bassist Sam Rivers mit 48 Jahren gestorben"},"content":{"rendered":"<p class=\"text_ohne_einzug richtext text-em-55 !leading-serif mx-6 desktop:mx-0\">Mit gerade mal 48 Jahren ist Sam Rivers, Gr\u00fcndungsmitglied und Bassist der Nu-Metal-Band Limp Bizkit \u00fcberraschend gestorben. Das teilte die Band auf <a href=\"https:\/\/rp-online.de\/thema\/instagram\/\" target=\"_blank\" rel=\"noopener\">Instagram<\/a> mit. In dem Beitrag gedenkt die Band um S\u00e4nger Fred Durst ihrem \u201egeliebten Bruder\u201c.<\/p>\n<p class=\"richtext text-em-55 !leading-serif mx-6 desktop:mx-0\">\u201eHeute haben wir unseren Bruder verloren. Unseren Bandkollegen. Unseren Herzschlag\u201c, schrieb die Band auf Englisch weiter in den sozialen Netzwerken. Rivers sei nicht nur Bassist gewesen, sondern \u201epure Magie\u201c. Man habe so viele Momente mit Rivers geteilt, \u201ewilde, ruhige, wundersch\u00f6ne\u201c. Unter dem urspr\u00fcnglichen Beitrag der Band sammelten sich schnell unz\u00e4hlige Kommentare. Auch ein weiteres Bandmitglied, DJ Lethal, kommentierte bereits und bat vor allem darum, nun die Privatsph\u00e4re der Familie von Sam Rivers zu beachten. Die Todesursache ist bislang unbekannt.<\/p>\n<p class=\"richtext text-em-55 !leading-serif mx-6 desktop:mx-0\">Limp Bizkit wurde 1994 von S\u00e4nger Fred Durst, Bassist Sam Rivers und Schlagzeuger John Otto gegr\u00fcndet. Sp\u00e4ter stie\u00df zuerst Gitarrist Wes Borland dazu, dann DJ Lethal. Ihr erstes Album \u201eThree Dollar Bill, Y&#8217;all$\u201c kam 1997 heraus. Sowohl Wes Borland als auch DJ Lethal stiegen immer mal wieder aus der Band aus \u2013 und kamen zur\u00fcck.<\/p>\n<p class=\"richtext text-em-55 !leading-serif mx-6 desktop:mx-0\">2015 musste Rivers Limp Bizkit aus gesundheitlichen Gr\u00fcnden verlassen. Sp\u00e4ter wurde bekannt, dass er eine schwere Lebererkrankung hatte, die auf Alkoholkonsum zur\u00fcckzuf\u00fchren war. Ihm wurde daher eine neue Leber transplantiert.<\/p>\n","protected":false},"excerpt":{"rendered":"Mit gerade mal 48 Jahren ist Sam Rivers, Gr\u00fcndungsmitglied und Bassist der Nu-Metal-Band Limp Bizkit \u00fcberraschend gestorben. Das&hellip;\n","protected":false},"author":2,"featured_media":510414,"comment_status":"","ping_status":"","sticky":false,"template":"","format":"standard","meta":{"footnotes":""},"categories":[1772],"tags":[6329,127087,127086,92911,127084,29,214,30,88322,127085,12221,3969,1779,810,127083,115800,978,215],"class_list":{"0":"post-510413","1":"post","2":"type-post","3":"status-publish","4":"format-standard","5":"has-post-thumbnail","7":"category-musik","8":"tag-band","9":"tag-bandkollegen","10":"tag-bandmitglied","11":"tag-bassist","12":"tag-bizkit","13":"tag-deutschland","14":"tag-entertainment","15":"tag-germany","16":"tag-gruendungsmitglied","17":"tag-limp","18":"tag-magie","19":"tag-metal","20":"tag-music","21":"tag-musik","22":"tag-rivers","23":"tag-sam","24":"tag-tot","25":"tag-unterhaltung"},"share_on_mastodon":{"url":"","error":""},"_links":{"self":[{"href":"https:\/\/www.europesays.com\/de\/wp-json\/wp\/v2\/posts\/510413","targetHints":{"allow":["GET"]}}],"collection":[{"href":"https:\/\/www.europesays.com\/de\/wp-json\/wp\/v2\/posts"}],"about":[{"href":"https:\/\/www.europesays.com\/de\/wp-json\/wp\/v2\/types\/post"}],"author":[{"embeddable":true,"href":"https:\/\/www.europesays.com\/de\/wp-json\/wp\/v2\/users\/2"}],"replies":[{"embeddable":true,"href":"https:\/\/www.europesays.com\/de\/wp-json\/wp\/v2\/comments?post=510413"}],"version-history":[{"count":0,"href":"https:\/\/www.europesays.com\/de\/wp-json\/wp\/v2\/posts\/510413\/revisions"}],"wp:featuredmedia":[{"embeddable":true,"href":"https:\/\/www.europesays.com\/de\/wp-json\/wp\/v2\/media\/510414"}],"wp:attachment":[{"href":"https:\/\/www.europesays.com\/de\/wp-json\/wp\/v2\/media?parent=510413"}],"wp:term":[{"taxonomy":"category","embeddable":true,"href":"https:\/\/www.europesays.com\/de\/wp-json\/wp\/v2\/categories?post=510413"},{"taxonomy":"post_tag","embeddable":true,"href":"https:\/\/www.europesays.com\/de\/wp-json\/wp\/v2\/tags?post=510413"}],"curies":[{"name":"wp","href":"https:\/\/api.w.org\/{rel}","templated":true}]}}