{"id":510423,"date":"2025-10-19T08:47:13","date_gmt":"2025-10-19T08:47:13","guid":{"rendered":"https:\/\/www.europesays.com\/de\/510423\/"},"modified":"2025-10-19T08:47:13","modified_gmt":"2025-10-19T08:47:13","slug":"grosse-supermarkt-kette-will-sich-in-deutschland-von-50-filialen-trennen","status":"publish","type":"post","link":"https:\/\/www.europesays.com\/de\/510423\/","title":{"rendered":"Gro\u00dfe Supermarkt-Kette will sich in Deutschland von 50 Filialen trennen"},"content":{"rendered":"<ol class=\"id-DonaldBreadcrumb lp_west_breadcrumb id-DonaldBreadcrumb--default\" data-k5a-pos=\"west_breadcrumb\">\n<li class=\"id-Breadcrumb-item\"><a href=\"https:\/\/www.merkur.de\/\" class=\"id-Breadcrumb-link\" data-id-ec=\"{\" shn=\"\" textlink=\"\" data-k5a-pos=\"1_startseite\" target=\"_blank\" rel=\"noopener\">Startseite<\/a><\/li>\n<li class=\"id-Breadcrumb-item\"><a href=\"https:\/\/www.merkur.de\/wirtschaft\/\" class=\"id-Breadcrumb-link\" data-id-ec=\"{\" shn=\"\" textlink=\"\" data-k5a-pos=\"2_wirtschaft\" target=\"_blank\" rel=\"noopener\">Wirtschaft<\/a><\/li>\n<\/ol>\n<p class=\"id-Story-timestamp id-Story-timestamp--default\">Stand: 19.10.2025, 09:30 Uhr<\/p>\n<p class=\"id-Story-authors id-Story-authors--default\">Von: <a class=\"id-Story-authors-link lp_west_author\" href=\"https:\/\/www.merkur.de\/autor\/armin-t-linder-xawko36mq.html\" title=\"Zur Autorenseite von Armin T. Linder\" data-id-ec=\"{\" shn=\"\" author-link=\"\" t.=\"\" linder=\"\" data-k5a-pos=\"west_author\" target=\"_blank\" rel=\"noopener\">Armin T. Linder<\/a><\/p>\n<p class=\"id-Story-interactionBar id-Story-interactionBar--default\">DruckenTeilen<\/p>\n<p class=\"id-StoryElement-leadText\">Der Sanierungskurs bei einer gro\u00dfen Supermarkt-Kette schreitet voran: Diese will sich wohl von rund 50 Filialen trennen.<\/p>\n<p class=\"id-StoryElement-paragraph\">Fulda &#8211; Im Einzelhandel ist dieser Tage wieder einiges in Bewegung: Unl\u00e4ngst wurde bekannt, dass ein <a href=\"https:\/\/www.fr.de\/wirtschaft\/grosse-discounter-kette-insolvent-dutzende-filialen-werden-geschlossen-abverkauf-startet-93986947.html\" class=\"id-import-Link id-pageApi-Link--externalDomain\" data-id-ec=\"{&quot;sht&quot;:&quot;Container&quot;,&quot;shn&quot;:&quot;Story&quot;,&quot;p&quot;:{&quot;containerType&quot;:&quot;Paragraph&quot;,&quot;displayType&quot;:&quot;Paragraph InlineLink&quot;,&quot;type&quot;:&quot;INLINE_LINK&quot;,&quot;value&quot;:&quot;gro&#xDF;er Discounter in Deutschland mehrere Dutzend Filialen schlie&#xDF;en wird&quot;,&quot;variant&quot;:&quot;standardLink&quot;,&quot;sponsored&quot;:false,&quot;linkHref&quot;:&quot;https:\/\/www.fr.de\/wirtschaft\/grosse-discounter-kette-insolvent-dutzende-filialen-werden-geschlossen-abverkauf-startet-93986947.html&quot;,&quot;storyElementPosition&quot;:8,&quot;storyElementCount&quot;:18}}\" target=\"_blank\" rel=\"noopener\">gro\u00dfer Discounter in Deutschland mehrere Dutzend Filialen schlie\u00dfen wird<\/a>. Zu einem noch gr\u00f6\u00dferen <a href=\"https:\/\/www.fr.de\/wirtschaft\/namen-bekommen-66-maerkte-von-einrichtungs-gigant-sollen-schliessen-und-der-rest-neuen-93960005.html\" class=\"id-import-Link id-pageApi-Link--externalDomain\" data-id-ec=\"{&quot;sht&quot;:&quot;Container&quot;,&quot;shn&quot;:&quot;Story&quot;,&quot;p&quot;:{&quot;containerType&quot;:&quot;Paragraph&quot;,&quot;displayType&quot;:&quot;Paragraph InlineLink&quot;,&quot;type&quot;:&quot;INLINE_LINK&quot;,&quot;value&quot;:&quot;Kahlschlag kommt es bei einem traditionsreichen Unternehmen f&#xFC;r Handwerksbedarf und Einrichtungsartikel&quot;,&quot;variant&quot;:&quot;standardLink&quot;,&quot;sponsored&quot;:false,&quot;linkHref&quot;:&quot;https:\/\/www.fr.de\/wirtschaft\/namen-bekommen-66-maerkte-von-einrichtungs-gigant-sollen-schliessen-und-der-rest-neuen-93960005.html&quot;,&quot;storyElementPosition&quot;:8,&quot;storyElementCount&quot;:18}}\" target=\"_blank\" rel=\"noopener\">Kahlschlag kommt es bei einem traditionsreichen Unternehmen f\u00fcr Handwerksbedarf und Einrichtungsartikel<\/a>. Jetzt gibt es neue Nachrichten aus der Lebensmittelbranche \u2013 sie betreffen die Supermarkt-Kette Tegut.<\/p>\n<p><img decoding=\"async\" class=\"id-RatioPlaceholder-element wv_story_el_image\" src=\"https:\/\/www.europesays.com\/de\/wp-content\/uploads\/2025\/10\/40127034-das-archivfoto-aus-dem-jahr-2020-zeigt-eine-tegut-filiale-in-mainz-2xGuBTZlg1BG.jpg\" loading=\"lazy\"   height=\"673\" width=\"1100\" alt=\"Das Archivfoto aus dem Jahr 2020 zeigt eine Tegut-Filiale in Mainz\"\/>Das Archivfoto aus dem Jahr 2020 zeigt eine Tegut-Filiale in Mainz. \u00a9\u00a0Stefan F. S\u00e4mmer via www.imago-images.de<\/p>\n<p class=\"id-StoryElement-paragraph\">Das Unternehmen mit Sitz in Fulda (<a href=\"https:\/\/www.fr.de\/hessen\/\" class=\"id-import-Link id-pageApi-Link--externalDomain\" title=\"Hessen\" data-id-ec=\"{&quot;sht&quot;:&quot;Container&quot;,&quot;shn&quot;:&quot;Story&quot;,&quot;p&quot;:{&quot;containerType&quot;:&quot;Paragraph&quot;,&quot;displayType&quot;:&quot;Paragraph InlineLink&quot;,&quot;type&quot;:&quot;INLINE_LINK&quot;,&quot;value&quot;:&quot;Hessen&quot;,&quot;variant&quot;:&quot;standardLink&quot;,&quot;sponsored&quot;:false,&quot;linkHref&quot;:&quot;https:\/\/www.fr.de\/hessen\/&quot;,&quot;storyElementPosition&quot;:11,&quot;storyElementCount&quot;:18}}\" target=\"_blank\" rel=\"noopener\">Hessen<\/a>) wird sich von Dutzenden Filialen trennen. <a href=\"https:\/\/www.merkur.de\/wirtschaft\/supermarkt-kette-trennt-sich-von-mehreren-filialen-umbruch-steht-bevor-zr-93914200.html\" class=\"id-import-Link\" data-id-ec=\"{&quot;sht&quot;:&quot;Container&quot;,&quot;shn&quot;:&quot;Story&quot;,&quot;p&quot;:{&quot;containerType&quot;:&quot;Paragraph&quot;,&quot;displayType&quot;:&quot;Paragraph InlineLink&quot;,&quot;type&quot;:&quot;INLINE_LINK&quot;,&quot;value&quot;:&quot;Zun&#xE4;chst war von 35 M&#xE4;rkten die Rede&quot;,&quot;variant&quot;:&quot;standardLink&quot;,&quot;sponsored&quot;:false,&quot;linkHref&quot;:&quot;https:\/\/www.merkur.de\/wirtschaft\/supermarkt-kette-trennt-sich-von-mehreren-filialen-umbruch-steht-bevor-zr-93914200.html&quot;,&quot;storyElementPosition&quot;:11,&quot;storyElementCount&quot;:18}}\" target=\"_blank\" rel=\"noopener\">Zun\u00e4chst war von 35 M\u00e4rkten die Rede<\/a>, jetzt berichtet aber die Lebensmittel Zeitung, dass rund 50 der etwa 300 Standorte zur \u00dcbernahme angeboten werden sollen. Dabei handelt es sich nicht nur um Tegut-Gesch\u00e4fte in S\u00fcddeutschland, sondern auch im bisherigen Kerngebiet rund um die Rhein-Main-Region.<\/p>\n<p>Supermarkt-Kette Tegut will wohl 50 Filialen loswerden \u2013 welche, das bleibt unklar<\/p>\n<p class=\"id-StoryElement-paragraph\">Tegut geh\u00f6rt seit 2013 zur Schweizer Genossenschaft Migros Z\u00fcrich, <a href=\"https:\/\/www.merkur.de\/wirtschaft\/gefahr-eines-millionengrab-bekannte-supermarktkette-in-schwierigkeiten-zr-93212834.html\" class=\"id-import-Link\" data-id-ec=\"{&quot;sht&quot;:&quot;Container&quot;,&quot;shn&quot;:&quot;Story&quot;,&quot;p&quot;:{&quot;containerType&quot;:&quot;Paragraph&quot;,&quot;displayType&quot;:&quot;Paragraph InlineLink&quot;,&quot;type&quot;:&quot;INLINE_LINK&quot;,&quot;value&quot;:&quot;schreibt aber tiefrote Zahlen&quot;,&quot;variant&quot;:&quot;standardLink&quot;,&quot;sponsored&quot;:false,&quot;linkHref&quot;:&quot;https:\/\/www.merkur.de\/wirtschaft\/gefahr-eines-millionengrab-bekannte-supermarktkette-in-schwierigkeiten-zr-93212834.html&quot;,&quot;storyElementPosition&quot;:14,&quot;storyElementCount&quot;:18}}\" target=\"_blank\" rel=\"noopener\">schreibt aber tiefrote Zahlen<\/a> und befindet sich auf Sanierungskurs. Migros-Leiter Patrik P\u00f6rtig hatte Ende 2024 via NZZ <a href=\"https:\/\/www.fuldaerzeitung.de\/fulda\/bis-2026-patrik-poertig-nzz-migros-setzt-tegut-ultimatum-schwarze-zahlen-93450016.html\" class=\"id-import-Link id-pageApi-Link--externalDomain\" data-id-ec=\"{&quot;sht&quot;:&quot;Container&quot;,&quot;shn&quot;:&quot;Story&quot;,&quot;p&quot;:{&quot;containerType&quot;:&quot;Paragraph&quot;,&quot;displayType&quot;:&quot;Paragraph InlineLink&quot;,&quot;type&quot;:&quot;INLINE_LINK&quot;,&quot;value&quot;:&quot;deutlich Alarm geschlagen&quot;,&quot;variant&quot;:&quot;standardLink&quot;,&quot;sponsored&quot;:false,&quot;linkHref&quot;:&quot;https:\/\/www.fuldaerzeitung.de\/fulda\/bis-2026-patrik-poertig-nzz-migros-setzt-tegut-ultimatum-schwarze-zahlen-93450016.html&quot;,&quot;storyElementPosition&quot;:14,&quot;storyElementCount&quot;:18}}\" target=\"_blank\" rel=\"noopener\">deutlich Alarm geschlagen<\/a>. \u201eTegut hat jetzt noch eine letzte Chance. Es muss 2025 eine signifikante Verbesserung geben, und bis Ende 2026 muss die Firma schwarze Zahlen liefern. Wenn wir das erreichen, hat das Unternehmen in der Migros eine Zukunft \u2013 sonst nicht. Das sind klare Vorgaben, und das wissen auch die Mitarbeitenden.\u201c <a href=\"https:\/\/www.merkur.de\/bayern\/noch-mehr-standorte-tegut-supermarkt-schliesst-filiale-in-bayern-folgen-93916329.html\" class=\"id-import-Link\" data-id-ec=\"{&quot;sht&quot;:&quot;Container&quot;,&quot;shn&quot;:&quot;Story&quot;,&quot;p&quot;:{&quot;containerType&quot;:&quot;Paragraph&quot;,&quot;displayType&quot;:&quot;Paragraph InlineLink&quot;,&quot;type&quot;:&quot;INLINE_LINK&quot;,&quot;value&quot;:&quot;Erste Filialen haben schon dichtgemacht.&quot;,&quot;variant&quot;:&quot;standardLink&quot;,&quot;sponsored&quot;:false,&quot;linkHref&quot;:&quot;https:\/\/www.merkur.de\/bayern\/noch-mehr-standorte-tegut-supermarkt-schliesst-filiale-in-bayern-folgen-93916329.html&quot;,&quot;storyElementPosition&quot;:14,&quot;storyElementCount&quot;:18}}\" target=\"_blank\" rel=\"noopener\">Erste Filialen haben schon dichtgemacht.<\/a><\/p>\n<p class=\"id-StoryElement-paragraph\">Zu den jetzt kolportierten Tegut-Pl\u00e4nen h\u00e4lt sich Migros im Detail bedeckt \u2013 auch auf die Frage hin, welche Filialen betroffen seien. Gabriela Ursprung, Leiterin Public Relations &amp; Communications, Kulturprozent und Sponsoring bei Migros, erkl\u00e4rt gegen\u00fcber osthessen-news.de: \u201eWie alle anderen Marktteilnehmer auch, \u00fcberpr\u00fcft Tegut regelm\u00e4\u00dfig das Filialportfolio und passt dieses im Einzelfall auf ver\u00e4nderte Rahmenbedingungen an.\u201c<\/p>\n<p>Schlager- und TV-Stars packen \u00fcber H\u00f6he ihrer Rente aus: Einer kriegt nur 41 Euro im Monat<img decoding=\"async\" class=\"id-RatioPlaceholder-element wv_story_el_interstitialImage\" src=\"https:\/\/www.europesays.com\/de\/wp-content\/uploads\/2025\/06\/37831274-rentenbescheid-3Mfe.jpg\" loading=\"lazy\"   height=\"2000\" width=\"3000\" alt=\"Rentenbescheid\"\/><a href=\"https:\/\/www.merkur.de\/boulevard\/packen-ueber-hoehe-ihrer-rente-aus-einer-kriegt-nur-41-euro-schlager-und-tv-stars-zr-93691337.html\" class=\"id-StoryElement-intestitialLink-link\" data-id-ec=\"{\" shn=\"\" ansehen=\"\" data-k5a-pos=\"west_story_16_photoGalleryLink\" title=\"Zur Fotostrecke: Schlager- und TV-Stars packen &#xFC;ber H&#xF6;he ihrer Rente aus: Einer kriegt nur 41 Euro im Monat\" target=\"_blank\" rel=\"noopener\">Fotostrecke ansehen<\/a><\/p>\n<p class=\"id-StoryElement-paragraph\">Man sei aber \u201ewieder auf Erfolgskurs\u201c, l\u00e4sst Ursprung wissen. \u201eDie Sanierung zeigt gro\u00dfe Wirkung und wird unver\u00e4ndert intensiv vorangetrieben. Wir haben die Kosten stark reduziert. Wir sind jetzt effizienter und agiler aufgestellt und haben damit in die Zukunft des Unternehmens investiert.\u201c <a href=\"https:\/\/www.merkur.de\/verbraucher\/kaufhaus-kunde-wird-bei-diesem-anblick-richtig-sauer-und-schreibt-verheerende-bewertung-zr-93941523.html\" class=\"id-import-Link\" data-id-ec=\"{&quot;sht&quot;:&quot;Container&quot;,&quot;shn&quot;:&quot;Story&quot;,&quot;p&quot;:{&quot;containerType&quot;:&quot;Paragraph&quot;,&quot;displayType&quot;:&quot;Paragraph InlineLink&quot;,&quot;type&quot;:&quot;INLINE_LINK&quot;,&quot;value&quot;:&quot;Ein Kaufhaus-Kunde wurde beim Anblick der K&#xE4;setheke richtig sauer&quot;,&quot;variant&quot;:&quot;standardLink&quot;,&quot;sponsored&quot;:false,&quot;linkHref&quot;:&quot;https:\/\/www.merkur.de\/verbraucher\/kaufhaus-kunde-wird-bei-diesem-anblick-richtig-sauer-und-schreibt-verheerende-bewertung-zr-93941523.html&quot;,&quot;storyElementPosition&quot;:18,&quot;storyElementCount&quot;:18}}\" target=\"_blank\" rel=\"noopener\">Ein Kaufhaus-Kunde wurde beim Anblick der K\u00e4setheke richtig sauer<\/a>. (Quellen: Lebensmittel Zeitung, NZZ, migros.ch, osthessen-news.de, t-online.de) (lin)<\/p>\n","protected":false},"excerpt":{"rendered":"Startseite Wirtschaft Stand: 19.10.2025, 09:30 Uhr Von: Armin T. Linder DruckenTeilen Der Sanierungskurs bei einer gro\u00dfen Supermarkt-Kette schreitet&hellip;\n","protected":false},"author":2,"featured_media":510424,"comment_status":"","ping_status":"","sticky":false,"template":"","format":"standard","meta":{"footnotes":""},"categories":[134],"tags":[175,170,169,29,30,171,174,173,172],"class_list":{"0":"post-510423","1":"post","2":"type-post","3":"status-publish","4":"format-standard","5":"has-post-thumbnail","7":"category-unternehmen-maerkte","8":"tag-business","9":"tag-companies","10":"tag-companies-markets","11":"tag-deutschland","12":"tag-germany","13":"tag-markets","14":"tag-maerkte","15":"tag-unternehmen","16":"tag-unternehmen-maerkte"},"share_on_mastodon":{"url":"https:\/\/pubeurope.com\/@de\/115399966817310305","error":""},"_links":{"self":[{"href":"https:\/\/www.europesays.com\/de\/wp-json\/wp\/v2\/posts\/510423","targetHints":{"allow":["GET"]}}],"collection":[{"href":"https:\/\/www.europesays.com\/de\/wp-json\/wp\/v2\/posts"}],"about":[{"href":"https:\/\/www.europesays.com\/de\/wp-json\/wp\/v2\/types\/post"}],"author":[{"embeddable":true,"href":"https:\/\/www.europesays.com\/de\/wp-json\/wp\/v2\/users\/2"}],"replies":[{"embeddable":true,"href":"https:\/\/www.europesays.com\/de\/wp-json\/wp\/v2\/comments?post=510423"}],"version-history":[{"count":0,"href":"https:\/\/www.europesays.com\/de\/wp-json\/wp\/v2\/posts\/510423\/revisions"}],"wp:featuredmedia":[{"embeddable":true,"href":"https:\/\/www.europesays.com\/de\/wp-json\/wp\/v2\/media\/510424"}],"wp:attachment":[{"href":"https:\/\/www.europesays.com\/de\/wp-json\/wp\/v2\/media?parent=510423"}],"wp:term":[{"taxonomy":"category","embeddable":true,"href":"https:\/\/www.europesays.com\/de\/wp-json\/wp\/v2\/categories?post=510423"},{"taxonomy":"post_tag","embeddable":true,"href":"https:\/\/www.europesays.com\/de\/wp-json\/wp\/v2\/tags?post=510423"}],"curies":[{"name":"wp","href":"https:\/\/api.w.org\/{rel}","templated":true}]}}