{"id":510425,"date":"2025-10-19T08:48:14","date_gmt":"2025-10-19T08:48:14","guid":{"rendered":"https:\/\/www.europesays.com\/de\/510425\/"},"modified":"2025-10-19T08:48:14","modified_gmt":"2025-10-19T08:48:14","slug":"usa-warnen-vor-neuem-hamas-massaker-im-gazastreifen-politik","status":"publish","type":"post","link":"https:\/\/www.europesays.com\/de\/510425\/","title":{"rendered":"USA warnen vor neuem Hamas-Massaker im Gazastreifen | Politik"},"content":{"rendered":"<p>Washington \u2013 <b>Der Waffenruhe-Deal zwischen Israel und der Hamas ist gerade eine Woche alt, in den vergangenen zwei Jahren war die Hoffnung auf Frieden in Nahost nie so gro\u00df. Doch schon unmittelbar nach der Freilassung von 20 lebenden Geiseln erhebt die Hamas wieder ihre Waffen \u2013 jetzt aber gegen ihre Gegner in Gaza!<\/b><\/p>\n<p>Auch interessant<\/p>\n<p>Anzeige<\/p>\n<p>Auch interessant<\/p>\n<p>Anzeige<\/p>\n<p>Laut den <a href=\"https:\/\/www.bild.de\/news\/ausland\/usa\/thema-usa-alle-infos-80032950.bild.html\" class=\"text-link\" target=\"_blank\" rel=\"noopener\">USA<\/a> droht jetzt eine neue Gewalteskalation im Gazastreifen. In einer aktuellen Mitteilung warnt das US-Au\u00dfenministerium vor einem \u201eunmittelbar bevorstehenden\u201c geplanten Angriff auf pal\u00e4stinensische Zivilisten.<\/p>\n<p>Darin hei\u00dft es, Washington habe die Garantiem\u00e4chte des Gaza-Friedensplans (Katar, \u00c4gypten, T\u00fcrkei) \u00fcber \u201eglaubw\u00fcrdige Berichte\u201c informiert, wonach die <a href=\"https:\/\/www.bild.de\/themen\/organisationen\/hamas\/politik-nachrichten-news-fotos-videos-20560984.bild.html\" class=\"text-link\" target=\"_blank\" rel=\"noopener\">Terroristen<\/a> in K\u00fcrze erneut die bestehende Waffenruhe verletzen k\u00f6nnten. Ein Angriff dieser Art w\u00fcrde \u201eeinen direkten und schwerwiegenden Versto\u00df gegen die Waffenruhe-Vereinbarung darstellen\u201c und die Fortschritte im Friedensprozess untergraben, hie\u00df es.<\/p>\n<p>Die Hamas reagierte auf die Vorw\u00fcrfe der USA in einer Mitteilung und erkl\u00e4rte, es handele sich um \u201ehaltlose Behauptungen\u201c, die im Einklang mit israelischer Propaganda st\u00fcnden.<\/p>\n<p>Garantiem\u00e4chte drohen mit \u201eMa\u00dfnahmen\u201c<\/p>\n<p><b>\u25b6\ufe0e Erst vor wenigen Tagen hatte die Hamas mit \u00f6ffentlichen <\/b><a href=\"https:\/\/www.bild.de\/politik\/ausland-und-internationales\/hamas-beginnt-brutalen-clan-krieg-gegen-feinde-68ef48c80dc4b85759d37c80\" class=\"text-link\" target=\"_blank\" rel=\"noopener\"><b>Hinrichtungen<\/b><\/a><b> von angeblichen \u201eKollaborateuren\u201c f\u00fcr Entsetzen gesorgt. Fotos zeigten die T\u00f6tung von mutma\u00dflichen Mitgliedern eines rivalisierenden Familienclans, der sich w\u00e4hrend des Gaza-Krieges gegen die Terrororganisation gestellt haben soll.<\/b><\/p>\n<p>Mindestens 33 Pal\u00e4stinenser starben bei Hinrichtungen, Schie\u00dfereien und gewaltsamen Zusammenst\u00f6\u00dfen mit rivalisierenden Clans. Die Botschaft nach innen und au\u00dfen: Wir sind immer noch da! Die US-Denkfabrik \u201eFoundation for Defense of Democracies\u201c (FDD) kommentierte die Hinrichtungen: \u201eDie Hamas rechnet nun in Gaza ab. Nach zwei Jahren Krieg sind ihre K\u00e4mpfer aus den Tunneln gekrochen, um sich ihren Gegnern zu stellen.\u201c<\/p>\n<p>Kommt es wirklich zu einem neuen Angriff und damit zu einem weiteren Massaker? Die USA und die Teilnehmer der Friedensrunde kommentieren unmissverst\u00e4ndlich: \u201eSollte die Hamas diesen Angriff durchf\u00fchren, werden Ma\u00dfnahmen ergriffen, um die Bev\u00f6lkerung von Gaza zu sch\u00fctzen und den Bestand der Waffenruhe zu wahren.\u201c<\/p>\n<p>Mehr zum Thema<\/p>\n<p>Die Garantiem\u00e4chte forderten die <a href=\"https:\/\/www.bild.de\/themen\/organisationen\/hamas\/politik-nachrichten-news-fotos-videos-20560984.bild.html\" class=\"text-link\" target=\"_blank\" rel=\"noopener\">Hamas<\/a> erneut dazu auf, \u201eihren Verpflichtungen aus dem Waffenruhe-Abkommen nachzukommen\u201c. Um die Sicherheit der Menschen in Gaza langfristig zu gew\u00e4hrleisten, will US-Pr\u00e4sident <a href=\"https:\/\/www.bild.de\/politik\/leute\/donald-trump\/thema-donald-trump-alle-infos-80018378.bild.html\" class=\"text-link\" target=\"_blank\" rel=\"noopener\">Donald Trump<\/a> (79) eine sogenannte Internationale Stabilisierungstruppe (ISF) aufstellen, die auch die Hamas entwaffnen soll. <\/p>\n<p>Weitere tote Geiseln \u00fcbergeben<\/p>\n<p>Indes wurden am Samstag zwei weitere verstorbene Geiseln an <a href=\"https:\/\/www.bild.de\/news\/ausland\/israel\/thema-israel-alle-infos-80028948.bild.html\" class=\"text-link\" target=\"_blank\" rel=\"noopener\">Israel<\/a> \u00fcbergeben, von denen eine identifiziert werden konnte. Es handelt sich um den 54-j\u00e4hrigen Ronen Engel. Seine Familie sei informiert worden, teilte die Armee am Sonntagmorgen mit. Der zweite Leichnam ist noch nicht identifiziert.<\/p>\n<p><b>Sollte es sich auch bei diesen sterblichen \u00dcberresten um eine israelische Geisel handeln, dann h\u00e4tte die Hamas aktuell 16 von 28 toten Geiseln \u00fcbergeben. Teil der Vereinbarung zwischen der Hamas und Israel ist die vollst\u00e4ndige \u00dcbergabe der sterblichen \u00dcberreste aller Geiseln.<\/b><\/p>\n","protected":false},"excerpt":{"rendered":"Washington \u2013 Der Waffenruhe-Deal zwischen Israel und der Hamas ist gerade eine Woche alt, in den vergangenen zwei&hellip;\n","protected":false},"author":2,"featured_media":510426,"comment_status":"","ping_status":"","sticky":false,"template":"","format":"standard","meta":{"footnotes":""},"categories":[3],"tags":[1738,739,2547,410,13,411,14,15,928,16,12,2544,45,10,8,9,11,103,104],"class_list":{"0":"post-510425","1":"post","2":"type-post","3":"status-publish","4":"format-standard","5":"has-post-thumbnail","7":"category-welt","8":"tag-desk-delta","9":"tag-gaza","10":"tag-gaza-streifen","11":"tag-hamas","12":"tag-headlines","13":"tag-israel","14":"tag-nachrichten","15":"tag-news","16":"tag-palaestinenser","17":"tag-politik","18":"tag-schlagzeilen","19":"tag-terrorismus","20":"tag-texttospeech","21":"tag-top-news","22":"tag-top-meldungen","23":"tag-topmeldungen","24":"tag-topnews","25":"tag-welt","26":"tag-world"},"share_on_mastodon":{"url":"https:\/\/pubeurope.com\/@de\/115399970255755584","error":""},"_links":{"self":[{"href":"https:\/\/www.europesays.com\/de\/wp-json\/wp\/v2\/posts\/510425","targetHints":{"allow":["GET"]}}],"collection":[{"href":"https:\/\/www.europesays.com\/de\/wp-json\/wp\/v2\/posts"}],"about":[{"href":"https:\/\/www.europesays.com\/de\/wp-json\/wp\/v2\/types\/post"}],"author":[{"embeddable":true,"href":"https:\/\/www.europesays.com\/de\/wp-json\/wp\/v2\/users\/2"}],"replies":[{"embeddable":true,"href":"https:\/\/www.europesays.com\/de\/wp-json\/wp\/v2\/comments?post=510425"}],"version-history":[{"count":0,"href":"https:\/\/www.europesays.com\/de\/wp-json\/wp\/v2\/posts\/510425\/revisions"}],"wp:featuredmedia":[{"embeddable":true,"href":"https:\/\/www.europesays.com\/de\/wp-json\/wp\/v2\/media\/510426"}],"wp:attachment":[{"href":"https:\/\/www.europesays.com\/de\/wp-json\/wp\/v2\/media?parent=510425"}],"wp:term":[{"taxonomy":"category","embeddable":true,"href":"https:\/\/www.europesays.com\/de\/wp-json\/wp\/v2\/categories?post=510425"},{"taxonomy":"post_tag","embeddable":true,"href":"https:\/\/www.europesays.com\/de\/wp-json\/wp\/v2\/tags?post=510425"}],"curies":[{"name":"wp","href":"https:\/\/api.w.org\/{rel}","templated":true}]}}