{"id":510437,"date":"2025-10-19T08:55:11","date_gmt":"2025-10-19T08:55:11","guid":{"rendered":"https:\/\/www.europesays.com\/de\/510437\/"},"modified":"2025-10-19T08:55:11","modified_gmt":"2025-10-19T08:55:11","slug":"hartmannsdorf-erhoeht-gebuehren-fuer-sportzentrum","status":"publish","type":"post","link":"https:\/\/www.europesays.com\/de\/510437\/","title":{"rendered":"Hartmannsdorf erh\u00f6ht Geb\u00fchren f\u00fcr Sportzentrum"},"content":{"rendered":"<p class=\"bold\">\n\t\t\t\t\t\t\t\t\t\tDie Hallennutzung wird teurer. Das trifft vor allem die Hartmannsdorfer Sportvereine. Doch der Gemeinderatsbeschluss st\u00f6\u00dft auch auf Verst\u00e4ndnis.\t\t\t\t<\/p>\n<p>\t\t\t\t Seit 2023 verf\u00fcgt Hartmannsdorf \u00fcber eine moderne Zweifeldhalle f\u00fcr den Vereins- und Schulsport. Rund sieben Millionen Euro hat der Ort in den Bau der Sportst\u00e4tte investiert. Nach einer Testphase und Ermittlung der Betriebskosten hat der Gemeinderat in seiner j\u00fcngsten Sitzung \u00fcber die Geb\u00fchren f\u00fcr die Nutzung entschieden.<\/p>\n<p>\t\t<img decoding=\"async\" class=\"fp-plus-logo\" src=\"https:\/\/www.freiepresse.de\/img\/fpplus.svg\" alt=\"Freie Presse plus Logo\"\/><\/p>\n<p>Registrieren und testen.<\/p>\n<p>Jetzt mit Ihrer Registrierung 1 Monat gratis testen und alle Beitr\u00e4ge lesen.<\/p>\n<p>Schon Abonnent? Melden Sie sich mit ihren Zugangsdaten an.<\/p>\n","protected":false},"excerpt":{"rendered":"Die Hallennutzung wird teurer. Das trifft vor allem die Hartmannsdorfer Sportvereine. Doch der Gemeinderatsbeschluss st\u00f6\u00dft auch auf Verst\u00e4ndnis.&hellip;\n","protected":false},"author":2,"featured_media":510438,"comment_status":"","ping_status":"","sticky":false,"template":"","format":"standard","meta":{"footnotes":""},"categories":[1851],"tags":[2770,3364,29,548,663,3934,30,13,2839,14,15,859,12],"class_list":{"0":"post-510437","1":"post","2":"type-post","3":"status-publish","4":"format-standard","5":"has-post-thumbnail","7":"category-chemnitz","8":"tag-chemnitz","9":"tag-de","10":"tag-deutschland","11":"tag-eu","12":"tag-europa","13":"tag-europe","14":"tag-germany","15":"tag-headlines","16":"tag-kommunalpolitik","17":"tag-nachrichten","18":"tag-news","19":"tag-sachsen","20":"tag-schlagzeilen"},"share_on_mastodon":{"url":"https:\/\/pubeurope.com\/@de\/115399998387507479","error":""},"_links":{"self":[{"href":"https:\/\/www.europesays.com\/de\/wp-json\/wp\/v2\/posts\/510437","targetHints":{"allow":["GET"]}}],"collection":[{"href":"https:\/\/www.europesays.com\/de\/wp-json\/wp\/v2\/posts"}],"about":[{"href":"https:\/\/www.europesays.com\/de\/wp-json\/wp\/v2\/types\/post"}],"author":[{"embeddable":true,"href":"https:\/\/www.europesays.com\/de\/wp-json\/wp\/v2\/users\/2"}],"replies":[{"embeddable":true,"href":"https:\/\/www.europesays.com\/de\/wp-json\/wp\/v2\/comments?post=510437"}],"version-history":[{"count":0,"href":"https:\/\/www.europesays.com\/de\/wp-json\/wp\/v2\/posts\/510437\/revisions"}],"wp:featuredmedia":[{"embeddable":true,"href":"https:\/\/www.europesays.com\/de\/wp-json\/wp\/v2\/media\/510438"}],"wp:attachment":[{"href":"https:\/\/www.europesays.com\/de\/wp-json\/wp\/v2\/media?parent=510437"}],"wp:term":[{"taxonomy":"category","embeddable":true,"href":"https:\/\/www.europesays.com\/de\/wp-json\/wp\/v2\/categories?post=510437"},{"taxonomy":"post_tag","embeddable":true,"href":"https:\/\/www.europesays.com\/de\/wp-json\/wp\/v2\/tags?post=510437"}],"curies":[{"name":"wp","href":"https:\/\/api.w.org\/{rel}","templated":true}]}}