{"id":510439,"date":"2025-10-19T08:56:46","date_gmt":"2025-10-19T08:56:46","guid":{"rendered":"https:\/\/www.europesays.com\/de\/510439\/"},"modified":"2025-10-19T08:56:46","modified_gmt":"2025-10-19T08:56:46","slug":"was-bedeutet-dieses-schild-raetselraten-in-braunschweig","status":"publish","type":"post","link":"https:\/\/www.europesays.com\/de\/510439\/","title":{"rendered":"Was bedeutet dieses Schild? R\u00e4tselraten in Braunschweig"},"content":{"rendered":"<p>        <img decoding=\"async\" src=\"https:\/\/www.europesays.com\/de\/wp-content\/uploads\/2025\/10\/fahrrad-310.webp\" alt=\"Ein gelbes Schild, auf dem ein Fahrrad und drei Pfeile abgebildet sind.\" title=\"Ein gelbes Schild, auf dem ein Fahrrad und drei Pfeile abgebildet sind. | NDR, Florian Kneifel\" class=\"responsive\"\/><\/p>\n<p>\n            Stand: 17.10.2025 14:44 Uhr<\/p>\n<p class=\"preface\">Ein gelbes Fahrradschild mit drei Pfeilen steht in Braunschweig an einem einspurigen Radweg. Das Schild soll Orientierung schaffen, l\u00f6st aber mehr R\u00e4tselraten aus. <\/p>\n<p class=\"\">Jens Sch\u00fctte vom Allgemeinen Deutschen Fahrrad-Club (ADFC) Braunschweig hat so ein Schild noch nie gesehen, sagt er. Auch einige B\u00fcrgerinnen und B\u00fcrger hatten sich bei der Stadtverwaltung in <a href=\"https:\/\/www.ndr.de\/nachrichten\/ndrdata\/zensus-braunschweig-bevoelkerung-wohnungen-familie-heizung,zensus382.html\" title=\"Zensus-Daten f\u00fcr Braunschweig\" target=\"_blank\" rel=\"noopener\">Braunschweig<\/a> bereits nach der Bedeutung des Schildes erkundigt, best\u00e4tigte ein Sprecher dem NDR Niedersachsen. Die Stadt l\u00f6st auf: Wegen Bauarbeiten am Hagenmarkt wurden Schilder aufgestellt, die Alternativrouten f\u00fcr den Radverkehr aufzeigen. Am Bohlweg gebe es gleich drei Routen, die f\u00fcr einen bestimmten Abschnitt identisch seien. Jede Route ist nach Angaben der Stadt mit einer anderen Farbe gekennzeichnet. Deshalb seien drei Pfeile auf dem Schild: Rot, Schwarz und Rosa.<\/p>\n<p>    Bunte Pfeile anstatt Zahlen<\/p>\n<p class=\"\">F\u00fcr ADFC-Vorsitzenden Sch\u00fctte ist es eigenen Angaben zufolge etwas verwunderlich, dass die Routen mit Farben und nicht mit Nummern gekennzeichnet wurden. Und tats\u00e4chlich, sagt der Stadtsprecher, habe die Stadt zum ersten Mal Pfeile auf einem solchen Schild verwendet. &#8222;Bei einer Wiederholung w\u00fcrden wir m\u00f6glicherweise Ziffern w\u00e4hlen, weil sich gezeigt hat, das die Farben je nach Lichtverh\u00e4ltnissen bisweilen nicht klar genug zu differenzieren sind&#8220;, so der Sprecher weiter. Sch\u00fctte vom ADFC sieht auch generellen Verbesserungsbedarf, was Umleitungen von Baustellen f\u00fcr Radfahrerinnen und Radfahrer anbelangt. Er m\u00f6chte sich Ende Oktober mit der Stadtverwaltung in Braunschweig \u00fcber dieses Thema austauschen.<\/p>\n<p>        <img decoding=\"async\" src=\"https:\/\/www.europesays.com\/de\/wp-content\/uploads\/2025\/10\/radweg-110.webp\" alt=\"Die Aufnahme zeigt Spuren in einem betonierten Radweg.\" title=\"Die Aufnahme zeigt Spuren in einem betonierten Radweg. | Gemeinde Uplengen\" class=\"responsive\" loading=\"lazy\"\/><\/p>\n<p>100 Meter Radweg wurden besch\u00e4digt und m\u00fcssen saniert werden. Die Verursacher konnten laut Polizei ermittelt werden.<\/p>\n<p>        <img decoding=\"async\" src=\"https:\/\/www.europesays.com\/de\/wp-content\/uploads\/2025\/09\/schillig-104.webp\" alt=\"Auf einem Verkehrsschild wurde der Name der Stadt Schillig korrigiert. \" title=\"Auf einem Verkehrsschild wurde der Name der Stadt Schillig korrigiert.  | NDR, Thees Jagels\" class=\"responsive\" loading=\"lazy\"\/><\/p>\n<p>Der Name des Badeorts hatte pl\u00f6tzlich ein N zu viel. Das ist nun \u00fcberklebt. Ein Neudruck wird wohl mehrere Tausend Euro kosten.<\/p>\n<p>        <img decoding=\"async\" src=\"https:\/\/www.europesays.com\/de\/wp-content\/uploads\/2025\/10\/ortsschild426.webp\" alt=\"Ein Ortsschild mit der Aufschrift &quot;Ortslage&quot; steht am Ortseingang von Hemeringen.\" title=\"Ein Ortsschild mit der Aufschrift &quot;Ortslage&quot; steht am Ortseingang von Hemeringen. | NDR, Wolfgang Kurtz\" class=\"responsive\" loading=\"lazy\"\/><\/p>\n<p>Am Eingang der Ortschaft im Landkreis Hameln-Pyrmont steht ein neues Schild. Dabei wurde Hemeringen gar nicht umbenannt.<\/p>\n<p>        <img decoding=\"async\" src=\"https:\/\/www.europesays.com\/de\/wp-content\/uploads\/2025\/08\/regionalbs100.webp\" alt=\"Der Braunschweiger Dom von oben.\" title=\"Der Braunschweiger Dom von oben. | NDR, Julius Matuschik\" class=\"responsive\" loading=\"lazy\"\/><\/p>\n<p>\n                                    8 Min<\/p>\n<p>Was in Ihrer Region wichtig ist, h\u00f6ren Sie in dem Mitschnitt der 15.00 Uhr Regional-Nachrichten auf NDR 1 Niedersachsen.<\/p>\n","protected":false},"excerpt":{"rendered":"Stand: 17.10.2025 14:44 Uhr Ein gelbes Fahrradschild mit drei Pfeilen steht in Braunschweig an einem einspurigen Radweg. Das&hellip;\n","protected":false},"author":2,"featured_media":510440,"comment_status":"","ping_status":"","sticky":false,"template":"","format":"standard","meta":{"footnotes":""},"categories":[1850],"tags":[590,2461,6429,3364,29,548,663,3934,6112,30,13,39062,14,15,1411,8733,36398,12,4073,601],"class_list":{"0":"post-510439","1":"post","2":"type-post","3":"status-publish","4":"format-standard","5":"has-post-thumbnail","7":"category-braunschweig","8":"tag-aktuell","9":"tag-baustelle","10":"tag-braunschweig","11":"tag-de","12":"tag-deutschland","13":"tag-eu","14":"tag-europa","15":"tag-europe","16":"tag-fahrradfahrer","17":"tag-germany","18":"tag-headlines","19":"tag-kurios","20":"tag-nachrichten","21":"tag-news","22":"tag-niedersachsen","23":"tag-radweg","24":"tag-schild","25":"tag-schlagzeilen","26":"tag-umleitung","27":"tag-verkehr"},"share_on_mastodon":{"url":"https:\/\/pubeurope.com\/@de\/115400002117672774","error":""},"_links":{"self":[{"href":"https:\/\/www.europesays.com\/de\/wp-json\/wp\/v2\/posts\/510439","targetHints":{"allow":["GET"]}}],"collection":[{"href":"https:\/\/www.europesays.com\/de\/wp-json\/wp\/v2\/posts"}],"about":[{"href":"https:\/\/www.europesays.com\/de\/wp-json\/wp\/v2\/types\/post"}],"author":[{"embeddable":true,"href":"https:\/\/www.europesays.com\/de\/wp-json\/wp\/v2\/users\/2"}],"replies":[{"embeddable":true,"href":"https:\/\/www.europesays.com\/de\/wp-json\/wp\/v2\/comments?post=510439"}],"version-history":[{"count":0,"href":"https:\/\/www.europesays.com\/de\/wp-json\/wp\/v2\/posts\/510439\/revisions"}],"wp:featuredmedia":[{"embeddable":true,"href":"https:\/\/www.europesays.com\/de\/wp-json\/wp\/v2\/media\/510440"}],"wp:attachment":[{"href":"https:\/\/www.europesays.com\/de\/wp-json\/wp\/v2\/media?parent=510439"}],"wp:term":[{"taxonomy":"category","embeddable":true,"href":"https:\/\/www.europesays.com\/de\/wp-json\/wp\/v2\/categories?post=510439"},{"taxonomy":"post_tag","embeddable":true,"href":"https:\/\/www.europesays.com\/de\/wp-json\/wp\/v2\/tags?post=510439"}],"curies":[{"name":"wp","href":"https:\/\/api.w.org\/{rel}","templated":true}]}}