{"id":510441,"date":"2025-10-19T08:57:09","date_gmt":"2025-10-19T08:57:09","guid":{"rendered":"https:\/\/www.europesays.com\/de\/510441\/"},"modified":"2025-10-19T08:57:09","modified_gmt":"2025-10-19T08:57:09","slug":"gartenhuette-brennt-vollstaendig-nieder-radio-90-1","status":"publish","type":"post","link":"https:\/\/www.europesays.com\/de\/510441\/","title":{"rendered":"Gartenh\u00fctte brennt vollst\u00e4ndig nieder &#8211; Radio 90.1"},"content":{"rendered":"<p class=\"small date article__date\">Ver\u00f6ffentlicht:\u00a0Sonntag, 19.10.2025 06:39<\/p>\n<p class=\"article__teaser flow-text abstract\">M\u00f6nchengladbach Hardterbroich Pesch, 19.10.2025,01:54 Uhr, Leifhelmstra\u00dfe (ots) &#8211; <\/p>\n<p><img decoding=\"async\" alt=\".\" src=\"https:\/\/www.europesays.com\/de\/wp-content\/uploads\/2025\/10\/logo_pressebrand_neu-v3.jpg&#038;crop=0x10x646x404&#038;resize=646x404&#038;dt=202510190710010.jpeg\" data-size=\"646x404\"\/><\/p>\n<p>In der Nacht wurde der Leitstelle der Feuerwehr ein unklarer Feuerschein in Hardterbroich gemeldet. Beim Eintreffen der Einsatzkr\u00e4fte brannte eine Gartenh\u00fctte bereits in voller Ausdehnung. Das Feuer drohte auf die angrenzende Vegetation \u00fcberzugreifen.<\/p>\n<p>Drei Trupps unter Atemschutz brachten den Brand schnell unter Kontrolle und l\u00f6schten die Flammen ab. Um ein erneutes Aufflammen zu verhindern, wurde anschlie\u00dfend ein Schaumrohr eingesetzt und ein Schaumteppich aufgebracht. Die Gartenh\u00fctte wurde durch das Feuer vollst\u00e4ndig zerst\u00f6rt.<\/p>\n<p>Im Einsatz war der L\u00f6schzug der Feuer- und Rettungswache I (Neuwerk) ein L\u00f6schfahrzeug der Feuer- und Rettungswache III (Rheydt) ein Wechselladerfahrzeug Atemschutz und ein Ger\u00e4tewagen Einsatzstellenhygiene des Technik- und Logistikzentrum (Holt) sowie der F\u00fchrungsdienst der Berufsfeuerwehr.<\/p>\n<p>Einsatzleiter: Brandoberinspektor Roman Cr\u00fctzen<\/p>\n<p>R\u00fcckfragen bitte an:<\/p>\n<p>Stadt M\u00f6nchengladbach Fachbereich 37 &#8211; Feuerwehr F\u00fchrungs- und Lagezentrum Stockholtweg 132 41238 M\u00f6nchengladbach<\/p>\n<p>Telefon: 02166\/9989-0 Fax: 02166\/9989-37729 E-Mail: leitstelle.feuerwehr@moenchengladbach.de http:\/\/www.feuerwehr-mg.de\/<\/p>\n<p> Original-Content von: Feuerwehr M\u00f6nchengladbach, \u00fcbermittelt durch news aktuell<\/p>\n","protected":false},"excerpt":{"rendered":"Ver\u00f6ffentlicht:\u00a0Sonntag, 19.10.2025 06:39 M\u00f6nchengladbach Hardterbroich Pesch, 19.10.2025,01:54 Uhr, Leifhelmstra\u00dfe (ots) &#8211; In der Nacht wurde der Leitstelle der&hellip;\n","protected":false},"author":2,"featured_media":510442,"comment_status":"","ping_status":"","sticky":false,"template":"","format":"standard","meta":{"footnotes":""},"categories":[1849],"tags":[3364,29,548,663,3934,30,13,4455,14,15,1209,12925,12],"class_list":{"0":"post-510441","1":"post","2":"type-post","3":"status-publish","4":"format-standard","5":"has-post-thumbnail","7":"category-moenchengladbach","8":"tag-de","9":"tag-deutschland","10":"tag-eu","11":"tag-europa","12":"tag-europe","13":"tag-germany","14":"tag-headlines","15":"tag-moenchengladbach","16":"tag-nachrichten","17":"tag-news","18":"tag-nordrhein-westfalen","19":"tag-polizeimeldungen","20":"tag-schlagzeilen"},"share_on_mastodon":{"url":"https:\/\/pubeurope.com\/@de\/115400005787093213","error":""},"_links":{"self":[{"href":"https:\/\/www.europesays.com\/de\/wp-json\/wp\/v2\/posts\/510441","targetHints":{"allow":["GET"]}}],"collection":[{"href":"https:\/\/www.europesays.com\/de\/wp-json\/wp\/v2\/posts"}],"about":[{"href":"https:\/\/www.europesays.com\/de\/wp-json\/wp\/v2\/types\/post"}],"author":[{"embeddable":true,"href":"https:\/\/www.europesays.com\/de\/wp-json\/wp\/v2\/users\/2"}],"replies":[{"embeddable":true,"href":"https:\/\/www.europesays.com\/de\/wp-json\/wp\/v2\/comments?post=510441"}],"version-history":[{"count":0,"href":"https:\/\/www.europesays.com\/de\/wp-json\/wp\/v2\/posts\/510441\/revisions"}],"wp:featuredmedia":[{"embeddable":true,"href":"https:\/\/www.europesays.com\/de\/wp-json\/wp\/v2\/media\/510442"}],"wp:attachment":[{"href":"https:\/\/www.europesays.com\/de\/wp-json\/wp\/v2\/media?parent=510441"}],"wp:term":[{"taxonomy":"category","embeddable":true,"href":"https:\/\/www.europesays.com\/de\/wp-json\/wp\/v2\/categories?post=510441"},{"taxonomy":"post_tag","embeddable":true,"href":"https:\/\/www.europesays.com\/de\/wp-json\/wp\/v2\/tags?post=510441"}],"curies":[{"name":"wp","href":"https:\/\/api.w.org\/{rel}","templated":true}]}}