{"id":510443,"date":"2025-10-19T08:58:15","date_gmt":"2025-10-19T08:58:15","guid":{"rendered":"https:\/\/www.europesays.com\/de\/510443\/"},"modified":"2025-10-19T08:58:15","modified_gmt":"2025-10-19T08:58:15","slug":"festkonzert-mit-martin-palmeris-misa-tango-in-gladbeck","status":"publish","type":"post","link":"https:\/\/www.europesays.com\/de\/510443\/","title":{"rendered":"Festkonzert mit Mart\u00edn Palmeris \u201eMisa Tango\u201c in Gladbeck"},"content":{"rendered":"<p><a title=\"Misa Tango - Musikschule_ergebnis\" href=\"https:\/\/neue-gladbecker-zeitung.de\/festkonzert-mit-martin-palmeris-misa-tango-in-gladbeck\/misa-tango-musikschule_ergebnis\/\" target=\"_blank\" rel=\"noopener\"><img fetchpriority=\"high\" width=\"678\" height=\"381\" src=\"https:\/\/www.europesays.com\/de\/wp-content\/uploads\/2025\/10\/Misa-Tango-Musikschule_ergebnis.webp.webp\" class=\"attachment-mh-magazine-content size-mh-magazine-content wp-post-image\" alt=\"Festkonzert mit Mart\u00edn Palmeris \u201eMisa Tango\u201c\" title=\"Misa Tango - Musikschule_ergebnis\" loading=\"eager\" decoding=\"async\"\/><\/a><br \/>\nKammerchor der Musikschule der Stadt Gladbeck zum 60. Bild Ank\u00fcndigungsplakat<\/p>\n<p>60 Jahre Musikschule Gladbeck<\/p>\n<p><strong>Gladbeck \u2013 19.10.2025 \u2013 Mart\u00edn Palmeris<\/strong>\u00a0\u2013 Der Kammerchor der <strong><a style=\"color: #ff0000;\" href=\"https:\/\/www.musikschule-gladbeck.de\" target=\"_blank\" rel=\"noopener\">Musikschule der Stadt Gladbeck<\/a><\/strong> l\u00e4dt am <strong>Sonntag, 2. November, 17 Uhr<\/strong> zu einem festlichen Chorkonzert in die Aula der <strong><a style=\"color: #ff0000;\" href=\"https:\/\/www.waldorfschule-gladbeck.de\/\" target=\"_blank\" rel=\"noopener\">Waldorfschule Gladbeck<\/a><\/strong>, Horster Str. 82, ein.<\/p>\n<p>Anl\u00e4sslich des 60-j\u00e4hrigen Jubil\u00e4ums der Musikschule erklingt Mart\u00edn Palmeris eindrucksvolle <strong><a style=\"color: #ff0000;\" href=\"https:\/\/www.claudiaplaudert.de\/2024\/05\/misa-tango-misa-a-buenos-aires-in-der-martinskirche-visp\/\" target=\"_blank\" rel=\"noopener\">\u201eMisa Tango\u201c<\/a><\/strong> \u2013 ein Werk, das klassische Chormusik mit den feurigen Rhythmen des Tangos vereint. Erg\u00e4nzt wird das Programm durch ausdrucksstarke Werke des argentinischen Komponisten Astor Piazzolla, die den Abend mit s\u00fcdamerikanischem Temperament bereichern.<\/p>\n<p>Die NGZ-News aus Gladbeck immer sofort auf das Handy?<br \/>Dann abonniere kostenlos den <a style=\"color: #ff0000;\" href=\"https:\/\/whatsapp.com\/channel\/0029VaAJZdH8F2pIH21PF72X\" target=\"_blank\" rel=\"noopener\">WhatsApp-Kanal<\/a><br \/>\nDie Gladbecker Zusammenfassung des Tages der NGZ?<br \/>Dann abonniere den kostenlosen <a href=\"https:\/\/neue-gladbecker-zeitung.de\/newsletter-2\/\" target=\"_blank\" rel=\"noopener\"><strong>Newsletter<\/strong><\/a><br \/>\nFolgen Sie uns auf Facebook: <strong><a style=\"color: #ff0000;\" href=\"https:\/\/www.facebook.com\/NeueGladbeckerZeitung\/\" target=\"_blank\" rel=\"noopener\">NeueGladbeckerZeitung<\/a><\/strong><\/p>\n<p>Mart\u00edn Palmeris und Darnea Tango Quintett &amp; Friends<\/p>\n<p>Unter der Leitung von Diana Petrova Darnea, die den Chor bereits seit zehn Jahren f\u00fchrt, musiziert das Gesangsensemble gemeinsam mit dem \u201eDarnea Tango Quintett &amp; Friends\u201c. Als Solistinnen sind die Chorleiterin Diana Petrova Darnea als Sopranistin sowie die Mezzospranistin Triin Maran zu h\u00f6ren.<\/p>\n<p>BesucherInnen d\u00fcrfen sich auf einen Abend voller Energie, Ausdruckskraft und musikalischer Leidenschaft freuen. Das Konzert sponsern die Sparkassenstiftung und der <strong><a style=\"color: #ff0000;\" href=\"https:\/\/www.lions-club-gladbeck.de\/lionsziehungsergebnis.php\" target=\"_blank\" rel=\"noopener\">Lions Club Gladbeck<\/a><\/strong>.<\/p>\n<p>Eintritt: 2 Euro (Kinder und Jugendliche frei).<\/p>\n<p><a style=\"color: #ff0000;\" href=\"https:\/\/neue-gladbecker-zeitung.de\" target=\"_blank\" rel=\"noopener\">Zur Startseite<\/a><\/p>\n","protected":false},"excerpt":{"rendered":"Kammerchor der Musikschule der Stadt Gladbeck zum 60. Bild Ank\u00fcndigungsplakat 60 Jahre Musikschule Gladbeck Gladbeck \u2013 19.10.2025 \u2013&hellip;\n","protected":false},"author":2,"featured_media":510444,"comment_status":"","ping_status":"","sticky":false,"template":"","format":"standard","meta":{"footnotes":""},"categories":[1848],"tags":[3364,29,548,663,3934,3658,30,17275,13,47262,127088,127089,1116,14,15,1209,12],"class_list":{"0":"post-510443","1":"post","2":"type-post","3":"status-publish","4":"format-standard","5":"has-post-thumbnail","7":"category-gelsenkirchen","8":"tag-de","9":"tag-deutschland","10":"tag-eu","11":"tag-europa","12":"tag-europe","13":"tag-gelsenkirchen","14":"tag-germany","15":"tag-gladbeck","16":"tag-headlines","17":"tag-kammerchor","18":"tag-martin-palmeris","19":"tag-misa-tango","20":"tag-musikschule","21":"tag-nachrichten","22":"tag-news","23":"tag-nordrhein-westfalen","24":"tag-schlagzeilen"},"share_on_mastodon":{"url":"https:\/\/pubeurope.com\/@de\/115400009649532398","error":""},"_links":{"self":[{"href":"https:\/\/www.europesays.com\/de\/wp-json\/wp\/v2\/posts\/510443","targetHints":{"allow":["GET"]}}],"collection":[{"href":"https:\/\/www.europesays.com\/de\/wp-json\/wp\/v2\/posts"}],"about":[{"href":"https:\/\/www.europesays.com\/de\/wp-json\/wp\/v2\/types\/post"}],"author":[{"embeddable":true,"href":"https:\/\/www.europesays.com\/de\/wp-json\/wp\/v2\/users\/2"}],"replies":[{"embeddable":true,"href":"https:\/\/www.europesays.com\/de\/wp-json\/wp\/v2\/comments?post=510443"}],"version-history":[{"count":0,"href":"https:\/\/www.europesays.com\/de\/wp-json\/wp\/v2\/posts\/510443\/revisions"}],"wp:featuredmedia":[{"embeddable":true,"href":"https:\/\/www.europesays.com\/de\/wp-json\/wp\/v2\/media\/510444"}],"wp:attachment":[{"href":"https:\/\/www.europesays.com\/de\/wp-json\/wp\/v2\/media?parent=510443"}],"wp:term":[{"taxonomy":"category","embeddable":true,"href":"https:\/\/www.europesays.com\/de\/wp-json\/wp\/v2\/categories?post=510443"},{"taxonomy":"post_tag","embeddable":true,"href":"https:\/\/www.europesays.com\/de\/wp-json\/wp\/v2\/tags?post=510443"}],"curies":[{"name":"wp","href":"https:\/\/api.w.org\/{rel}","templated":true}]}}