{"id":510466,"date":"2025-10-19T09:12:20","date_gmt":"2025-10-19T09:12:20","guid":{"rendered":"https:\/\/www.europesays.com\/de\/510466\/"},"modified":"2025-10-19T09:12:20","modified_gmt":"2025-10-19T09:12:20","slug":"8-tore-in-11-tagen-teenager-vom-vfl-bochum-kroent-irre-doppelpack-serie-mit-ersten-profitoren-und-rekord","status":"publish","type":"post","link":"https:\/\/www.europesays.com\/de\/510466\/","title":{"rendered":"8 Tore in 11 Tagen: Teenager vom VfL Bochum kr\u00f6nt irre Doppelpack-Serie mit ersten Profitoren und Rekord"},"content":{"rendered":"<p>Bochum feiert gegen Hertha den gro\u00dfen Befreiungsschlag. Neben Neu-Coach R\u00f6sler stand ein Youngster im Mittelpunkt, der ein paar wilde Tage hinter sich hat.<\/p>\n<p>Francis Onyekas Auftritt im Topspiel der 2. Liga gegen Hertha BSC am Samstagabend hatte so viele Facetten, dass man fast den \u00dcberblick verlieren k\u00f6nnte. \u00dcbergeordnet betrachtet schoss der 18-J\u00e4hrige den VfL Bochum beim Deb\u00fct von Trainer Uwe R\u00f6sler zum ersten Saisonsieg nach zuvor sechs Pleiten des Bundesliga-Absteigers in Serie. Was sich bereits nach einer Menge anh\u00f6rt, ist aber erst der Anfang.<\/p>\n","protected":false},"excerpt":{"rendered":"Bochum feiert gegen Hertha den gro\u00dfen Befreiungsschlag. Neben Neu-Coach R\u00f6sler stand ein Youngster im Mittelpunkt, der ein paar&hellip;\n","protected":false},"author":2,"featured_media":510467,"comment_status":"","ping_status":"","sticky":false,"template":"","format":"standard","meta":{"footnotes":""},"categories":[1839],"tags":[621,7507,126656,3364,29,8468,127090,347,30,120461,1209,4604,119615,119008,8173,127091],"class_list":{"0":"post-510466","1":"post","2":"type-post","3":"status-publish","4":"format-standard","5":"has-post-thumbnail","7":"category-bochum","8":"tag-2-bundesliga","9":"tag-bochum","10":"tag-bochum-vs-hertha-berlin","11":"tag-de","12":"tag-deutschland","13":"tag-deutschland-2-bundesliga","14":"tag-f-onyeka","15":"tag-fussball","16":"tag-germany","17":"tag-hertha-berlin","18":"tag-nordrhein-westfalen","19":"tag-soccer","20":"tag-u-roesler","21":"tag-uwe-roesler","22":"tag-vfl-bochum","23":"tag-vfl-bochum-vs-hertha-berlin"},"share_on_mastodon":{"url":"https:\/\/pubeurope.com\/@de\/115400064657258296","error":""},"_links":{"self":[{"href":"https:\/\/www.europesays.com\/de\/wp-json\/wp\/v2\/posts\/510466","targetHints":{"allow":["GET"]}}],"collection":[{"href":"https:\/\/www.europesays.com\/de\/wp-json\/wp\/v2\/posts"}],"about":[{"href":"https:\/\/www.europesays.com\/de\/wp-json\/wp\/v2\/types\/post"}],"author":[{"embeddable":true,"href":"https:\/\/www.europesays.com\/de\/wp-json\/wp\/v2\/users\/2"}],"replies":[{"embeddable":true,"href":"https:\/\/www.europesays.com\/de\/wp-json\/wp\/v2\/comments?post=510466"}],"version-history":[{"count":0,"href":"https:\/\/www.europesays.com\/de\/wp-json\/wp\/v2\/posts\/510466\/revisions"}],"wp:featuredmedia":[{"embeddable":true,"href":"https:\/\/www.europesays.com\/de\/wp-json\/wp\/v2\/media\/510467"}],"wp:attachment":[{"href":"https:\/\/www.europesays.com\/de\/wp-json\/wp\/v2\/media?parent=510466"}],"wp:term":[{"taxonomy":"category","embeddable":true,"href":"https:\/\/www.europesays.com\/de\/wp-json\/wp\/v2\/categories?post=510466"},{"taxonomy":"post_tag","embeddable":true,"href":"https:\/\/www.europesays.com\/de\/wp-json\/wp\/v2\/tags?post=510466"}],"curies":[{"name":"wp","href":"https:\/\/api.w.org\/{rel}","templated":true}]}}