{"id":510487,"date":"2025-10-19T09:23:10","date_gmt":"2025-10-19T09:23:10","guid":{"rendered":"https:\/\/www.europesays.com\/de\/510487\/"},"modified":"2025-10-19T09:23:10","modified_gmt":"2025-10-19T09:23:10","slug":"polizei-bonn-warnt-vor-einbruechen-im-herbst-und-winter","status":"publish","type":"post","link":"https:\/\/www.europesays.com\/de\/510487\/","title":{"rendered":"Polizei Bonn warnt vor Einbr\u00fcchen im Herbst und Winter"},"content":{"rendered":"<p class=\"small date article__date\">Ver\u00f6ffentlicht:\u00a0Sonntag, 19.10.2025 09:52<\/p>\n<p>Die Tage werden wieder k\u00fcrzer, es wird fr\u00fcher dunkel. Die Bonner Polizei warnt, dass jetzt erfahrungsgem\u00e4\u00df auch das Einbruchsrisiko steigt.<\/p>\n<p><img decoding=\"async\" alt=\"\" src=\"https:\/\/www.europesays.com\/de\/wp-content\/uploads\/2025\/10\/riegel-vor.jpg&#038;crop=48x0x864x540&#038;resize=864x540&#038;dt=201910211555040.jpeg\" data-size=\"864x540\"\/>\u00a9 Polizei<\/p>\n<p>Einbrecher k\u00f6nnten schon nachmittags nahezu unbemerkt in Wohngebieten unterwegs sein. Die Polizei appelliert deshalb, Haus oder Wohnung bestm\u00f6glich vor Einbr\u00fcchen zu sch\u00fctzen. Eric Sommer, was raten die Beamten? Das Wichtigste: immer abschlie\u00dfen und kein Fenster gekippt lassen. Dann sollten wir ein paar   Lichter anlassen, wenn wir die Wohnung verlassen. All das erh\u00f6ht die Schwelle, dass Einbrecher bei einem einsteigen. Au\u00dferdem sollte alles, was als Einstiegshilfe dienen k\u00f6nnte, vom Haus entfernt werden &#8211; zum Beispiel Leitern, Gartenm\u00f6bel oder M\u00fclltonnen.\u00a0Die Polizei bittet au\u00dferdem alle darum, aufmerksam zu sein &#8211; und ggf. die 110 zu w\u00e4hlen.\u00a0<\/p>\n","protected":false},"excerpt":{"rendered":"Ver\u00f6ffentlicht:\u00a0Sonntag, 19.10.2025 09:52 Die Tage werden wieder k\u00fcrzer, es wird fr\u00fcher dunkel. Die Bonner Polizei warnt, dass jetzt&hellip;\n","protected":false},"author":2,"featured_media":510488,"comment_status":"","ping_status":"","sticky":false,"template":"","format":"standard","meta":{"footnotes":""},"categories":[1842],"tags":[1741,3364,29,5592,30,177,1209,121,13619,28659],"class_list":{"0":"post-510487","1":"post","2":"type-post","3":"status-publish","4":"format-standard","5":"has-post-thumbnail","7":"category-bonn","8":"tag-bonn","9":"tag-de","10":"tag-deutschland","11":"tag-einbrecher","12":"tag-germany","13":"tag-kriminalitt","14":"tag-nordrhein-westfalen","15":"tag-polizei","16":"tag-rhein-sieg-kreis","17":"tag-vorbeugung"},"share_on_mastodon":{"url":"https:\/\/pubeurope.com\/@de\/115400108045901294","error":""},"_links":{"self":[{"href":"https:\/\/www.europesays.com\/de\/wp-json\/wp\/v2\/posts\/510487","targetHints":{"allow":["GET"]}}],"collection":[{"href":"https:\/\/www.europesays.com\/de\/wp-json\/wp\/v2\/posts"}],"about":[{"href":"https:\/\/www.europesays.com\/de\/wp-json\/wp\/v2\/types\/post"}],"author":[{"embeddable":true,"href":"https:\/\/www.europesays.com\/de\/wp-json\/wp\/v2\/users\/2"}],"replies":[{"embeddable":true,"href":"https:\/\/www.europesays.com\/de\/wp-json\/wp\/v2\/comments?post=510487"}],"version-history":[{"count":0,"href":"https:\/\/www.europesays.com\/de\/wp-json\/wp\/v2\/posts\/510487\/revisions"}],"wp:featuredmedia":[{"embeddable":true,"href":"https:\/\/www.europesays.com\/de\/wp-json\/wp\/v2\/media\/510488"}],"wp:attachment":[{"href":"https:\/\/www.europesays.com\/de\/wp-json\/wp\/v2\/media?parent=510487"}],"wp:term":[{"taxonomy":"category","embeddable":true,"href":"https:\/\/www.europesays.com\/de\/wp-json\/wp\/v2\/categories?post=510487"},{"taxonomy":"post_tag","embeddable":true,"href":"https:\/\/www.europesays.com\/de\/wp-json\/wp\/v2\/tags?post=510487"}],"curies":[{"name":"wp","href":"https:\/\/api.w.org\/{rel}","templated":true}]}}