{"id":51050,"date":"2025-04-22T02:52:24","date_gmt":"2025-04-22T02:52:24","guid":{"rendered":"https:\/\/www.europesays.com\/de\/51050\/"},"modified":"2025-04-22T02:52:24","modified_gmt":"2025-04-22T02:52:24","slug":"russland-personalmangel-bei-polizei-und-gefaengnissen-politik","status":"publish","type":"post","link":"https:\/\/www.europesays.com\/de\/51050\/","title":{"rendered":"Russland: Personalmangel bei Polizei und Gef\u00e4ngnissen &#8211; Politik"},"content":{"rendered":"<p data-manual=\"paragraph\" data-schema-org-speakable=\"true\" class=\"css-10pq85u\">Als der Minister \u00fcber den Mangel klagt, sitzt Wladimir Putin gleich neben ihm auf der B\u00fchne. Im Saal hat sich die F\u00fchrungsriege des russischen Innenministeriums versammelt, alle tragen Uniform. Der Minister spricht von zu niedrigen Geh\u00e4ltern, von fehlenden Beamten, Putins Miene bleibt ausdruckslos. Er kennt den Dauermangel bei der russischen <a href=\"https:\/\/www.sueddeutsche.de\/thema\/Polizei\" rel=\"nofollow noopener\" target=\"_blank\">Polizei<\/a>, und sein Krieg macht das Problem nur gr\u00f6\u00dfer.<\/p>\n","protected":false},"excerpt":{"rendered":"Als der Minister \u00fcber den Mangel klagt, sitzt Wladimir Putin gleich neben ihm auf der B\u00fchne. Im Saal&hellip;\n","protected":false},"author":2,"featured_media":51051,"comment_status":"","ping_status":"","sticky":false,"template":"","format":"standard","meta":{"footnotes":""},"categories":[4013],"tags":[331,332,147,13,1584,148,14,15,16,121,4043,4044,850,307,12,149,317],"class_list":{"0":"post-51050","1":"post","2":"type-post","3":"status-publish","4":"format-standard","5":"has-post-thumbnail","7":"category-russland","8":"tag-aktuelle-nachrichten","9":"tag-aktuelle-news","10":"tag-ausland","11":"tag-headlines","12":"tag-kriminalitaet","13":"tag-leserdiskussion","14":"tag-nachrichten","15":"tag-news","16":"tag-politik","17":"tag-polizei","18":"tag-russia","19":"tag-russian-federation","20":"tag-russische-foederation","21":"tag-russland","22":"tag-schlagzeilen","23":"tag-sueddeutsche-zeitung","24":"tag-ukraine"},"share_on_mastodon":{"url":"https:\/\/pubeurope.com\/@de\/114379354583064855","error":""},"_links":{"self":[{"href":"https:\/\/www.europesays.com\/de\/wp-json\/wp\/v2\/posts\/51050","targetHints":{"allow":["GET"]}}],"collection":[{"href":"https:\/\/www.europesays.com\/de\/wp-json\/wp\/v2\/posts"}],"about":[{"href":"https:\/\/www.europesays.com\/de\/wp-json\/wp\/v2\/types\/post"}],"author":[{"embeddable":true,"href":"https:\/\/www.europesays.com\/de\/wp-json\/wp\/v2\/users\/2"}],"replies":[{"embeddable":true,"href":"https:\/\/www.europesays.com\/de\/wp-json\/wp\/v2\/comments?post=51050"}],"version-history":[{"count":0,"href":"https:\/\/www.europesays.com\/de\/wp-json\/wp\/v2\/posts\/51050\/revisions"}],"wp:featuredmedia":[{"embeddable":true,"href":"https:\/\/www.europesays.com\/de\/wp-json\/wp\/v2\/media\/51051"}],"wp:attachment":[{"href":"https:\/\/www.europesays.com\/de\/wp-json\/wp\/v2\/media?parent=51050"}],"wp:term":[{"taxonomy":"category","embeddable":true,"href":"https:\/\/www.europesays.com\/de\/wp-json\/wp\/v2\/categories?post=51050"},{"taxonomy":"post_tag","embeddable":true,"href":"https:\/\/www.europesays.com\/de\/wp-json\/wp\/v2\/tags?post=51050"}],"curies":[{"name":"wp","href":"https:\/\/api.w.org\/{rel}","templated":true}]}}