{"id":510504,"date":"2025-10-19T09:34:11","date_gmt":"2025-10-19T09:34:11","guid":{"rendered":"https:\/\/www.europesays.com\/de\/510504\/"},"modified":"2025-10-19T09:34:11","modified_gmt":"2025-10-19T09:34:11","slug":"bremen-party-eskaliert-mit-200-jugendlichen-regional","status":"publish","type":"post","link":"https:\/\/www.europesays.com\/de\/510504\/","title":{"rendered":"Bremen: Party eskaliert mit 200 Jugendlichen | Regional"},"content":{"rendered":"<p>Bremen \u2013 <b>Eine wilde Party in Grolland sorgte f\u00fcr einen Gro\u00dfeinsatz der Polizei.<\/b><\/p>\n<p>In der Nacht von 18.10.2025, 23:00 Uhr, auf 19.10.2025 r\u00fcckten mehrere Streifenwagen aus, nachdem Nachbarn sich \u00fcber laute Musik beschwert hatten. Eine 17-J\u00e4hrige hatte zu einer kleinen Feier eingeladen, die durch soziale Medien pl\u00f6tzlich zum Massenereignis wurde. Rund 200 Jugendliche str\u00f6mten herbei, viele ungebeten. Die Polizei musste die Zufahrt sperren, da immer mehr G\u00e4ste \u00fcber den Garten kamen.<\/p>\n<p>Auch interessant<\/p>\n<p>Anzeige<\/p>\n<p>Auch interessant<\/p>\n<p>Anzeige<\/p>\n<p>Im Haus kam es lediglich zu Verschmutzungen, doch aus dem Geldbeutel der Gastgeberin verschwand Bargeld. Nach Mitternacht kehrten etwa 60 Jugendliche zur\u00fcck, traten eine Terrassent\u00fcr ein und p\u00f6belten weiter. Die Polizei beruhigte die Lage mit 12 Streifenwagen, kontrollierte die Personen und begleitete die Gruppe zur Bahnhaltestelle. Dabei wurden Polizisten beleidigt und Anzeigen wegen Sachbesch\u00e4digung und Diebstahl aufgenommen.<\/p>\n<p>Der Einsatz endete um 03:00 Uhr, und in Grolland kehrte Ruhe ein.<\/p>\n<p>Dieser Text basiert auf einer offiziellen Beh\u00f6rden-Information und wurde mit Hilfe von KI erstellt.<\/p>\n","protected":false},"excerpt":{"rendered":"Bremen \u2013 Eine wilde Party in Grolland sorgte f\u00fcr einen Gro\u00dfeinsatz der Polizei. In der Nacht von 18.10.2025,&hellip;\n","protected":false},"author":2,"featured_media":467340,"comment_status":"","ping_status":"","sticky":false,"template":"","format":"standard","meta":{"footnotes":""},"categories":[1824],"tags":[2420,3364,29,1686,30,2509,45,9026,1995],"class_list":{"0":"post-510504","1":"post","2":"type-post","3":"status-publish","4":"format-standard","5":"has-post-thumbnail","7":"category-bremen","8":"tag-bremen","9":"tag-de","10":"tag-deutschland","11":"tag-diebstahl","12":"tag-germany","13":"tag-ki-ots","14":"tag-texttospeech","15":"tag-vandalismus","16":"tag-verbrechen"},"share_on_mastodon":{"url":"https:\/\/pubeurope.com\/@de\/115400151079351576","error":""},"_links":{"self":[{"href":"https:\/\/www.europesays.com\/de\/wp-json\/wp\/v2\/posts\/510504","targetHints":{"allow":["GET"]}}],"collection":[{"href":"https:\/\/www.europesays.com\/de\/wp-json\/wp\/v2\/posts"}],"about":[{"href":"https:\/\/www.europesays.com\/de\/wp-json\/wp\/v2\/types\/post"}],"author":[{"embeddable":true,"href":"https:\/\/www.europesays.com\/de\/wp-json\/wp\/v2\/users\/2"}],"replies":[{"embeddable":true,"href":"https:\/\/www.europesays.com\/de\/wp-json\/wp\/v2\/comments?post=510504"}],"version-history":[{"count":0,"href":"https:\/\/www.europesays.com\/de\/wp-json\/wp\/v2\/posts\/510504\/revisions"}],"wp:featuredmedia":[{"embeddable":true,"href":"https:\/\/www.europesays.com\/de\/wp-json\/wp\/v2\/media\/467340"}],"wp:attachment":[{"href":"https:\/\/www.europesays.com\/de\/wp-json\/wp\/v2\/media?parent=510504"}],"wp:term":[{"taxonomy":"category","embeddable":true,"href":"https:\/\/www.europesays.com\/de\/wp-json\/wp\/v2\/categories?post=510504"},{"taxonomy":"post_tag","embeddable":true,"href":"https:\/\/www.europesays.com\/de\/wp-json\/wp\/v2\/tags?post=510504"}],"curies":[{"name":"wp","href":"https:\/\/api.w.org\/{rel}","templated":true}]}}