{"id":510524,"date":"2025-10-19T09:47:14","date_gmt":"2025-10-19T09:47:14","guid":{"rendered":"https:\/\/www.europesays.com\/de\/510524\/"},"modified":"2025-10-19T09:47:14","modified_gmt":"2025-10-19T09:47:14","slug":"ki-technik-hilft-polizei-in-frankfurt-bei-suche-nach-vermisster","status":"publish","type":"post","link":"https:\/\/www.europesays.com\/de\/510524\/","title":{"rendered":"KI-Technik hilft Polizei in Frankfurt bei Suche nach Vermisster"},"content":{"rendered":"<ol class=\"id-DonaldBreadcrumb lp_west_breadcrumb id-DonaldBreadcrumb--default\" data-k5a-pos=\"west_breadcrumb\">\n<li class=\"id-Breadcrumb-item\"><a href=\"https:\/\/www.fr.de\/\" class=\"id-Breadcrumb-link\" data-id-ec=\"{\" shn=\"\" textlink=\"\" data-k5a-pos=\"1_startseite\" rel=\"nofollow noopener\" target=\"_blank\">Startseite<\/a><\/li>\n<li class=\"id-Breadcrumb-item\"><a href=\"https:\/\/www.fr.de\/frankfurt\/\" class=\"id-Breadcrumb-link\" data-id-ec=\"{\" shn=\"\" textlink=\"\" data-k5a-pos=\"2_frankfurt\" rel=\"nofollow noopener\" target=\"_blank\">Frankfurt<\/a><\/li>\n<li class=\"id-Breadcrumb-item\"><a href=\"https:\/\/www.fr.de\/frankfurt\/bahnhofsviertel-ort904309\/\" class=\"id-Breadcrumb-link\" data-id-ec=\"{\" shn=\"\" textlink=\"\" data-k5a-pos=\"3_bahnhofsviertel\" rel=\"nofollow noopener\" target=\"_blank\">Bahnhofsviertel<\/a><\/li>\n<\/ol>\n<p class=\"id-Story-timestamp id-Story-timestamp--default\">Stand: 19.10.2025, 11:39 Uhr<\/p>\n<p class=\"id-Story-authors id-Story-authors--default\">Von: <a class=\"id-Story-authors-link lp_west_author\" href=\"https:\/\/www.fr.de\/autor\/dennis-pfeiffer-goldmann-3fzjoluca.html\" title=\"Zur Autorenseite von Dennis Pfeiffer-Goldmann\" data-id-ec=\"{\" shn=\"\" author-link=\"\" pfeiffer-goldmann=\"\" data-k5a-pos=\"west_author\" rel=\"nofollow noopener\" target=\"_blank\">Dennis Pfeiffer-Goldmann<\/a><\/p>\n<p class=\"id-Story-interactionBar id-Story-interactionBar--default\">DruckenTeilen<\/p>\n<p class=\"id-StoryElement-leadText\">Die K\u00fcnstliche Intelligenz schaut per Videokamera auf der Stra\u00dfe zu \u2013 und hat nun im Bahnhofsviertel in Frankfurt erstmals in Deutschland erfolgreich zugeschlagen.<\/p>\n<p class=\"id-StoryElement-paragraph\">Frankfurt \u2013 Erster Erfolg f\u00fcr die <a href=\"https:\/\/www.fr.de\/kultur\/ki-sti1524848\/\" class=\"id-import-Link\" title=\"K&#xFC;nstliche Intelligenz\" data-id-ec=\"{&quot;sht&quot;:&quot;Container&quot;,&quot;shn&quot;:&quot;Story&quot;,&quot;p&quot;:{&quot;containerType&quot;:&quot;Paragraph&quot;,&quot;displayType&quot;:&quot;Paragraph InlineLink&quot;,&quot;type&quot;:&quot;INLINE_LINK&quot;,&quot;value&quot;:&quot;K&#xFC;nstliche Intelligenz&quot;,&quot;variant&quot;:&quot;standardLink&quot;,&quot;sponsored&quot;:false,&quot;linkHref&quot;:&quot;https:\/\/www.fr.de\/kultur\/ki-sti1524848\/&quot;,&quot;storyElementPosition&quot;:8,&quot;storyElementCount&quot;:25}}\" rel=\"nofollow noopener\" target=\"_blank\">K\u00fcnstliche Intelligenz<\/a> in der Video\u00fcberwachung der Polizei: Sie hat im Bahnhofsviertel ein vermisstes M\u00e4dchen (16) aufgesp\u00fcrt.<\/p>\n<p><img decoding=\"async\" class=\"id-RatioPlaceholder-element wv_story_el_image\" src=\"https:\/\/www.europesays.com\/de\/wp-content\/uploads\/2025\/10\/40101119-frankfurts-polizei-setzt-auf-video-ki-NOBG.jpg\" loading=\"lazy\"   height=\"712\" width=\"1100\" alt=\"Frankfurts Polizei setzt auf Video-KI\"\/>Videobilder aus dem Bahnhofsviertel sowie das Bild einer fiktiven vermissten Person sind in der Video\u00fcberwachungs-Leitstelle der Polizei zu sehen.  \u00a9\u00a0Boris RoesslerWeshalb es bei der Suche um Leben und Tod ging<\/p>\n<p class=\"id-StoryElement-paragraph\">Das war am Tag zuvor nicht in die psychiatrische Einrichtung in Hessen, in der sie untergebracht war, zur\u00fcckgekehrt \u2013 und hatte einen Abschiedsbrief hinterlassen.<\/p>\n<p class=\"id-StoryElement-paragraph\">Daher sei \u201evon einem akuten psychischen Ausnahmezustand auszugehen\u201c gewesen, erkl\u00e4rt Polizeisprecher Patrick R\u00fcter. Es habe Anhaltspunkte gegeben, dass sie sich im Bahnhofsviertel aufhalten k\u00f6nnte. <\/p>\n<p>KI-Einsatz in neuem Polizeigesetz<\/p>\n<p class=\"id-StoryElement-paragraph\">Damit seien alle rechtlichen Voraussetzungen gegeben gewesen, um die neue KI-Technik der Video\u00fcberwachung erstmals konkret zu nutzen. Im M\u00e4rz hatte Innenminister Roman Poseck (<a href=\"https:\/\/www.fr.de\/politik\/cdu-org26591\/\" class=\"id-import-Link\" title=\"CDU\" data-id-ec=\"{&quot;sht&quot;:&quot;Container&quot;,&quot;shn&quot;:&quot;Story&quot;,&quot;p&quot;:{&quot;containerType&quot;:&quot;Paragraph&quot;,&quot;displayType&quot;:&quot;Paragraph InlineLink&quot;,&quot;type&quot;:&quot;INLINE_LINK&quot;,&quot;value&quot;:&quot;CDU&quot;,&quot;variant&quot;:&quot;standardLink&quot;,&quot;sponsored&quot;:false,&quot;linkHref&quot;:&quot;https:\/\/www.fr.de\/politik\/cdu-org26591\/&quot;,&quot;storyElementPosition&quot;:16,&quot;storyElementCount&quot;:25}}\" rel=\"nofollow noopener\" target=\"_blank\">CDU<\/a>) den KI-Einsatz vorgestellt, nachdem er im Februar mit der <a href=\"https:\/\/www.fnp.de\/frankfurt\/frankfurt-nutzt-als-erste-und-einzige-deutsche-stadt-bei-der-videoueberwachung-ki-93887262.html\" class=\"id-import-Link id-pageApi-Link--externalDomain\" data-id-ec=\"{&quot;sht&quot;:&quot;Container&quot;,&quot;shn&quot;:&quot;Story&quot;,&quot;p&quot;:{&quot;containerType&quot;:&quot;Paragraph&quot;,&quot;displayType&quot;:&quot;Paragraph InlineLink&quot;,&quot;type&quot;:&quot;INLINE_LINK&quot;,&quot;value&quot;:&quot;Neufassung des hessischen Polizeigesetzes&quot;,&quot;variant&quot;:&quot;standardLink&quot;,&quot;sponsored&quot;:false,&quot;linkHref&quot;:&quot;https:\/\/www.fnp.de\/frankfurt\/frankfurt-nutzt-als-erste-und-einzige-deutsche-stadt-bei-der-videoueberwachung-ki-93887262.html&quot;,&quot;storyElementPosition&quot;:16,&quot;storyElementCount&quot;:25}}\" rel=\"nofollow noopener\" target=\"_blank\">Neufassung des hessischen Polizeigesetzes<\/a> erlaubt worden war.<\/p>\n<p>In nur wenigen F\u00e4llen darf die KI eingesetzt werden<\/p>\n<p class=\"id-StoryElement-paragraph\">Die KI darf nur bei \u201eGefahr im Verzug\u201c f\u00fcrs Sichten der Videobilder eingesetzt werden, etwa bei einer Terrorgefahr oder kritischen Vermisstenf\u00e4llen. Auf Antrag der Polizei habe eine Richterin erlaubt, dass das Bild des M\u00e4dchens in die Datenbank eingespeist wurde und die Suche beginnen konnte, so R\u00fcter.<\/p>\n<p class=\"id-StoryElement-paragraph\">Einen Tag sp\u00e4ter habe die KI automatisch einen Treffer in der Taunusstra\u00dfe gemeldet. Ein Videooperator habe das \u00fcberpr\u00fcft, dann in der N\u00e4he befindliche Polizisten hingeschickt, erkl\u00e4rt R\u00fcter. <\/p>\n<p>Polizisten nehmen das M\u00e4dchen in ihre Obhut<\/p>\n<p class=\"id-StoryElement-paragraph\">Sie trafen die Minderj\u00e4hrige an, nahmen sie in ihre Obhut und brachten sie \u201ezu ihrem eigenen Schutz zur\u00fcck\u201c in die Psychiatrie. Das geschah am 9.\u2009Oktober, die Polizei berichtete am Donnerstag (16. Oktober) davon.<\/p>\n<p class=\"id-StoryElement-paragraph\">\u201eAllein dieser <a href=\"https:\/\/www.merkur.de\/welt\/vermisstenfaelle-sti1110106\/\" class=\"id-import-Link id-pageApi-Link--externalDomain\" title=\"Vermisstenf&#xE4;lle\" data-id-ec=\"{&quot;sht&quot;:&quot;Container&quot;,&quot;shn&quot;:&quot;Story&quot;,&quot;p&quot;:{&quot;containerType&quot;:&quot;Paragraph&quot;,&quot;displayType&quot;:&quot;Paragraph InlineLink&quot;,&quot;type&quot;:&quot;INLINE_LINK&quot;,&quot;value&quot;:&quot;Vermisstenfall &quot;,&quot;variant&quot;:&quot;standardLink&quot;,&quot;sponsored&quot;:false,&quot;linkHref&quot;:&quot;https:\/\/www.merkur.de\/welt\/vermisstenfaelle-sti1110106\/&quot;,&quot;storyElementPosition&quot;:25,&quot;storyElementCount&quot;:25}}\" rel=\"nofollow noopener\" target=\"_blank\">Vermisstenfall <\/a>best\u00e4tigt, dass wir mit der Reform des Polizeigesetzes und der eingesetzten Technik den richtigen Weg eingeschlagen haben\u201c, sagt <a href=\"https:\/\/www.fr.de\/hessen\/\" class=\"id-import-Link\" title=\"Hessen\" data-id-ec=\"{&quot;sht&quot;:&quot;Container&quot;,&quot;shn&quot;:&quot;Story&quot;,&quot;p&quot;:{&quot;containerType&quot;:&quot;Paragraph&quot;,&quot;displayType&quot;:&quot;Paragraph InlineLink&quot;,&quot;type&quot;:&quot;INLINE_LINK&quot;,&quot;value&quot;:&quot;Hessens &quot;,&quot;variant&quot;:&quot;standardLink&quot;,&quot;sponsored&quot;:false,&quot;linkHref&quot;:&quot;https:\/\/www.fr.de\/hessen\/&quot;,&quot;storyElementPosition&quot;:25,&quot;storyElementCount&quot;:25}}\" rel=\"nofollow noopener\" target=\"_blank\">Hessens <\/a>Innenminister Roman Poseck (CDU). Er hoffe, dass die KI-gest\u00fctzte Video\u00fcberwachung \u201enoch bei vielen weiteren F\u00e4llen zur Aufkl\u00e4rung und zum Schutz von Menschenleben beitragen wird\u201c. (Dennis Pfeiffer-Goldmann)<\/p>\n","protected":false},"excerpt":{"rendered":"Startseite Frankfurt Bahnhofsviertel Stand: 19.10.2025, 11:39 Uhr Von: Dennis Pfeiffer-Goldmann DruckenTeilen Die K\u00fcnstliche Intelligenz schaut per Videokamera auf&hellip;\n","protected":false},"author":2,"featured_media":510525,"comment_status":"","ping_status":"","sticky":false,"template":"","format":"standard","meta":{"footnotes":""},"categories":[1829],"tags":[29,2050,2051,30,2052],"class_list":{"0":"post-510524","1":"post","2":"type-post","3":"status-publish","4":"format-standard","5":"has-post-thumbnail","7":"category-frankfurt-am-main","8":"tag-deutschland","9":"tag-frankfurt","10":"tag-frankfurt-am-main","11":"tag-germany","12":"tag-hessen"},"share_on_mastodon":{"url":"https:\/\/pubeurope.com\/@de\/115400202310555020","error":""},"_links":{"self":[{"href":"https:\/\/www.europesays.com\/de\/wp-json\/wp\/v2\/posts\/510524","targetHints":{"allow":["GET"]}}],"collection":[{"href":"https:\/\/www.europesays.com\/de\/wp-json\/wp\/v2\/posts"}],"about":[{"href":"https:\/\/www.europesays.com\/de\/wp-json\/wp\/v2\/types\/post"}],"author":[{"embeddable":true,"href":"https:\/\/www.europesays.com\/de\/wp-json\/wp\/v2\/users\/2"}],"replies":[{"embeddable":true,"href":"https:\/\/www.europesays.com\/de\/wp-json\/wp\/v2\/comments?post=510524"}],"version-history":[{"count":0,"href":"https:\/\/www.europesays.com\/de\/wp-json\/wp\/v2\/posts\/510524\/revisions"}],"wp:featuredmedia":[{"embeddable":true,"href":"https:\/\/www.europesays.com\/de\/wp-json\/wp\/v2\/media\/510525"}],"wp:attachment":[{"href":"https:\/\/www.europesays.com\/de\/wp-json\/wp\/v2\/media?parent=510524"}],"wp:term":[{"taxonomy":"category","embeddable":true,"href":"https:\/\/www.europesays.com\/de\/wp-json\/wp\/v2\/categories?post=510524"},{"taxonomy":"post_tag","embeddable":true,"href":"https:\/\/www.europesays.com\/de\/wp-json\/wp\/v2\/tags?post=510524"}],"curies":[{"name":"wp","href":"https:\/\/api.w.org\/{rel}","templated":true}]}}