{"id":510526,"date":"2025-10-19T09:48:13","date_gmt":"2025-10-19T09:48:13","guid":{"rendered":"https:\/\/www.europesays.com\/de\/510526\/"},"modified":"2025-10-19T09:48:13","modified_gmt":"2025-10-19T09:48:13","slug":"mein-traum-waeren-mal-20-000-marathonlaeufer-in-frankfurt","status":"publish","type":"post","link":"https:\/\/www.europesays.com\/de\/510526\/","title":{"rendered":"\u201eMein Traum w\u00e4ren mal 20\u2009000 Marathonl\u00e4ufer in Frankfurt\u201c"},"content":{"rendered":"<ol class=\"id-DonaldBreadcrumb lp_west_breadcrumb id-DonaldBreadcrumb--default\" data-k5a-pos=\"west_breadcrumb\">\n<li class=\"id-Breadcrumb-item\"><a href=\"https:\/\/www.fr.de\/\" class=\"id-Breadcrumb-link\" data-id-ec=\"{\" shn=\"\" textlink=\"\" data-k5a-pos=\"1_startseite\" rel=\"nofollow noopener\" target=\"_blank\">Startseite<\/a><\/li>\n<li class=\"id-Breadcrumb-item\"><a href=\"https:\/\/www.fr.de\/sport\/\" class=\"id-Breadcrumb-link\" data-id-ec=\"{\" shn=\"\" textlink=\"\" data-k5a-pos=\"2_sport\" rel=\"nofollow noopener\" target=\"_blank\">Sport<\/a><\/li>\n<\/ol>\n<p class=\"id-Story-timestamp id-Story-timestamp--default\">Stand: 19.10.2025, 11:41 Uhr<\/p>\n<p class=\"id-Story-authors id-Story-authors--default\">Von: <a class=\"id-Story-authors-link lp_west_author\" href=\"https:\/\/www.fr.de\/autor\/frank-hellmann-ab1gvbz0u.html\" title=\"Zur Autorenseite von Frank Hellmann\" data-id-ec=\"{\" shn=\"\" author-link=\"\" hellmann=\"\" data-k5a-pos=\"west_author\" rel=\"nofollow noopener\" target=\"_blank\">Frank Hellmann<\/a><\/p>\n<p class=\"id-Story-interactionBar id-Story-interactionBar--default\">DruckenTeilen<\/p>\n<p><img decoding=\"async\" class=\"id-RatioPlaceholder-element wv_story_el_image\" src=\"https:\/\/www.europesays.com\/de\/wp-content\/uploads\/2025\/10\/40065858-27-10-2024-mainova-frankfurt-marathon-2024-symbolfoto-start-aeufer-elitegruppe-frankfurt-ma.jpeg\" loading=\"eager\" fetchpriority=\"high\"   height=\"792\" width=\"1408\" alt=\"27.10.2024 Mainova Frankfurt Marathon 2024 Symbolfoto Start &#xE4;ufer Elitegruppe Frankfurt (Main) Hessen Deutschland *** 2\"\/>Massenph\u00e4nomen Marathon: Kurz nach dem Start in Frankfurt dr\u00e4ngeln sich die Menschen \u00fcber die Stra\u00dfe. \u00a9\u00a0IMAGO\/Peter Henrich \/ HEN-FOTO<\/p>\n<p class=\"id-StoryElement-leadText\">Renndirektor Jo Schindler \u00fcber den neuen Teilnehmerrekord beim Frankfurt Marathon, den weltweiten Laufboom, astronomische Gagen in China und das vergebliche Buhlen um Vizeweltmeister Amanal Petros.<\/p>\n<p class=\"id-StoryElement-question\">Der Frankfurt Marathon erlebt besonderen Zuspruch. Die Bestmarke von 16\u2009034 Meldungen aus dem Jahr 2012 ist bereits vor dem Startschuss am 26. Oktober \u00fcbertroffen. Wie ist der Stand?<\/p>\n<p class=\"id-StoryElement-answer\">Jo Schindler: Wir haben bereits jetzt einen neuen Rekord und einen Vorsprung von etwa 21 Prozent gegen\u00fcber dem Vorjahr bei den Anmeldungen im Marathon. Das ist sehr erfreulich. Wir erleben fast \u00fcberall auf der Welt einen Laufboom, wovon auch wir als attraktive Veranstaltung profitieren.<\/p>\n<p class=\"id-StoryElement-question\">Was ist der Grund?<\/p>\n<p class=\"id-StoryElement-answer\">Laufen ist ein Sport, den jeder aus\u00fcben kann. Es ist keine hohe Grundinvestition n\u00f6tig. Klar, man braucht ein Paar ordentliche Laufschuhe und sollte sich auch vern\u00fcnftige Sportbekleidung zulegen, aber dann geht Laufen immer und \u00fcberall, zu jeder Tag- und Nachtzeit. Der Einstieg ist also sehr leicht. Und jetzt landen die Leute, die w\u00e4hrend der Corona-Pandemie mit dem Laufen angefangen haben, auch bei uns. Wer die ersten Jahre allein vor sich hinl\u00e4uft und ein gewisses Niveau erreicht hat, kommt dann zwangsl\u00e4ufig irgendwann bei der K\u00f6nigsdisziplin an.<\/p>\n<p class=\"id-StoryElement-question\"><strong>Von vielen Finishern tr\u00e4umt der Veranstalter im Ziel? Nicht jeder der gemeldet hat, l\u00e4uft dann ja wirklich die 42,195 Kilometer.<\/strong><\/p>\n<p class=\"id-StoryElement-answer\">Wir haben jedes Jahr eine No-Show-Rate von rund 20 Prozent. Es sind leider viele, die sich kurz vor dem Rennen eine Erk\u00e4ltung einfangen oder im Training eine kleine Verletzung. Mein Wunsch w\u00e4ren 17.000 Meldungen. Wir haben f\u00fcr 13.500 Finisher kalkuliert, die in der Festhalle ins Ziel kommen. Das w\u00e4ren 3000 mehr im Ziel als im vergangenen Jahr. Dann h\u00e4tten wir auch Hamburg wieder \u00fcberfl\u00fcgelt und w\u00e4ren hinter Berlin\u00a0\u00a0der zweitgr\u00f6\u00dfte deutsche Marathon.<\/p>\n<p class=\"id-StoryElement-question\">Was w\u00e4re denn die H\u00f6chstgrenze?<\/p>\n<p class=\"id-StoryElement-answer\">Wenn es in Zukunft noch mehr Marathonl\u00e4ufer w\u00fcrden, m\u00fcssten wir Anpassungen im Zeitplan vornehmen. Heute sind der Staffelmarathon und der Mini-Marathon in den Marathon verschachtelt, aber das ist ja nicht zwingend so. Diese Konstruktion m\u00fcsste man eben anpassen. Schon in diesem Jahr werden wir beim Marathon nicht mehr in zwei, sondern in vier Wellen von rund sieben, acht Minuten Abstand starten, damit es sich auf der Strecke besser verteilt. Mein Traum ist, dass wir mal 20.000 Marathonl\u00e4ufer haben.<\/p>\n<p class=\"id-StoryElement-question\">Wie wichtig sind die Startgeb\u00fchren f\u00fcr den Etat?<\/p>\n<p class=\"id-StoryElement-answer\">Sie sind der gr\u00f6\u00dfte Posten im Gesamtbudget. Der Anteil liegt bei rund 55 Prozent. Die Startgeb\u00fchren decken aber bei weitem nicht die Kosten, weil die Organisation eines Marathon ein erheblicher finanzieller Aufwand ist.<\/p>\n<p class=\"id-StoryElement-question\">Sind 150 Euro Teilnahmegeb\u00fchr nicht zu teuer, die nach den ersten 6000 Anmeldungen zu entrichten war?<\/p>\n<p class=\"id-StoryElement-answer\">Nein. Wir organisieren ja auch keinen Lauf durch Wald und Wiesen mit ein paar Verpflegungsstellen, sondern ein Megaevent in einer Gro\u00dfstadt, was ganz andere Kosten verursacht. Wir bieten den sch\u00f6nsten Zieleinlauf in der Festhalle, haben ein buntes Musikprogramm mit 42 Aktionspunken und finanzieren die TV-Produktion. \u00dcberdies sind die Kosten vieler Dienstleister nach der Corona-Pandemie teils extrem gestiegen. Wer all das nicht m\u00f6chte, der ist bei einem Dorfmarathon, der 70 Euro kostet, gut aufgehoben, wer aber ein Mega-Laufevent erleben will, der muss hierf\u00fcr eben auch bezahlen. Die gro\u00dfen Musikfestivals mit den bekannten Stars sind auch innerhalb von wenigen Stunden ausverkauft.<\/p>\n<p class=\"id-StoryElement-question\">Hilft es vielleicht auch, dass durch den Klimawandel sich die milden Temperaturen oft bis Ende Oktober halten?<\/p>\n<p class=\"id-StoryElement-answer\">Wir hatten vor drei Jahren beim Frankfurt Marathon einen Sommertag im Herbst, den es bis dahin noch nie gab. Ich glaube schon, dass es langfristig eine stabile Wetterlage Ende Oktober gibt. Bisher hatten wir Durchschnittstemperaturen von elf Grad. Das ist ideales Laufwetter.<\/p>\n<p class=\"id-StoryElement-question\">Und an dem Termin wird auf absehbare Zeit auch nicht ger\u00fcttelt?<\/p>\n<p class=\"id-StoryElement-answer\">Wir besetzen seit Jahrzehnten unseren Platz im internationalen Laufkalender. Zwei Wochen vorher ist Chicago, dann Amsterdam, eine Woche nach Frankfurt ist New York. Wir sind au\u00dferdem auf die Messe Frankfurt angewiesen, auch der Messekalender gibt keinen anderen Termin her.<\/p>\n<p class=\"id-StoryElement-question\">Amanal Petros holte bei der Leichtathletik-WM Silber im Marathonlauf. Sie und der Sportliche Leiter Philipp Kopp pflegen einen engen Austausch mit ihm. Wird er noch mal nach Frankfurt kommen?<\/p>\n<p class=\"id-StoryElement-answer\">Wir haben das nat\u00fcrlich auch dieses Jahr wieder versucht, wir sprechen seit Jahren miteinander. Wir kennen uns auch pers\u00f6nlich gut, aber er hat auch Auflagen vom Ausr\u00fcster und vom Verband. Das sind vertragliche Verpflichtungen. Ich bedauere sehr, dass es bisher noch nicht geklappt hat. Zudem haben wir mit dem Valencia Marathon, der erhebliche Mittel zur Verf\u00fcgung hat, einen neuen Konkurrenten im Herbst neben Berlin bekommen. Auch neue chinesische Marathons bieten fast astronomische Summen an Antrittsgagen. Das macht es in der Gesamtheit f\u00fcr uns nicht einfacher. Ich kann versichern, dass Philipp mit allen relevanten deutschen Athleten gesprochen hat. Filimom Abraham will pers\u00f6nliche Bestzeit bei uns laufen, dann w\u00e4re er der schnellste deutsche L\u00e4ufer in der Geschichte des Frankfurt Marathon. Dahinter haben wir mit Tom Turley und Jan Lukas Becker zwei Deutsche aus der zweiten Reihe, die sich einiges vorgenommen haben.<\/p>\n<p><img decoding=\"async\" class=\"id-RatioPlaceholder-element wv_story_el_image\" src=\"https:\/\/www.europesays.com\/de\/wp-content\/uploads\/2025\/10\/40064957-25-10-2024-frankfurt-am-main-prerace-pressekonferenz-zum-mainova-frankfurt-marathon-2024-re.jpeg\" loading=\"lazy\"   height=\"647\" width=\"1100\" alt=\"25.10.2024 Frankfurt am Main, PreRace-Pressekonferenz zum mainova Frankfurt Marathon 2024 Renndirektor Jo Schindler deu\"\/>Jo Schindler (links) ist Renndirektor und Veranstalter des Frankfurt Marathon. \u00a9\u00a0IMAGO\/Peter Hartenfelser<\/p>\n","protected":false},"excerpt":{"rendered":"Startseite Sport Stand: 19.10.2025, 11:41 Uhr Von: Frank Hellmann DruckenTeilen Massenph\u00e4nomen Marathon: Kurz nach dem Start in Frankfurt&hellip;\n","protected":false},"author":2,"featured_media":510527,"comment_status":"","ping_status":"","sticky":false,"template":"","format":"standard","meta":{"footnotes":""},"categories":[1829],"tags":[29,2050,2051,30,2052],"class_list":{"0":"post-510526","1":"post","2":"type-post","3":"status-publish","4":"format-standard","5":"has-post-thumbnail","7":"category-frankfurt-am-main","8":"tag-deutschland","9":"tag-frankfurt","10":"tag-frankfurt-am-main","11":"tag-germany","12":"tag-hessen"},"share_on_mastodon":{"url":"https:\/\/pubeurope.com\/@de\/115400206530730377","error":""},"_links":{"self":[{"href":"https:\/\/www.europesays.com\/de\/wp-json\/wp\/v2\/posts\/510526","targetHints":{"allow":["GET"]}}],"collection":[{"href":"https:\/\/www.europesays.com\/de\/wp-json\/wp\/v2\/posts"}],"about":[{"href":"https:\/\/www.europesays.com\/de\/wp-json\/wp\/v2\/types\/post"}],"author":[{"embeddable":true,"href":"https:\/\/www.europesays.com\/de\/wp-json\/wp\/v2\/users\/2"}],"replies":[{"embeddable":true,"href":"https:\/\/www.europesays.com\/de\/wp-json\/wp\/v2\/comments?post=510526"}],"version-history":[{"count":0,"href":"https:\/\/www.europesays.com\/de\/wp-json\/wp\/v2\/posts\/510526\/revisions"}],"wp:featuredmedia":[{"embeddable":true,"href":"https:\/\/www.europesays.com\/de\/wp-json\/wp\/v2\/media\/510527"}],"wp:attachment":[{"href":"https:\/\/www.europesays.com\/de\/wp-json\/wp\/v2\/media?parent=510526"}],"wp:term":[{"taxonomy":"category","embeddable":true,"href":"https:\/\/www.europesays.com\/de\/wp-json\/wp\/v2\/categories?post=510526"},{"taxonomy":"post_tag","embeddable":true,"href":"https:\/\/www.europesays.com\/de\/wp-json\/wp\/v2\/tags?post=510526"}],"curies":[{"name":"wp","href":"https:\/\/api.w.org\/{rel}","templated":true}]}}