{"id":51054,"date":"2025-04-22T02:54:16","date_gmt":"2025-04-22T02:54:16","guid":{"rendered":"https:\/\/www.europesays.com\/de\/51054\/"},"modified":"2025-04-22T02:54:16","modified_gmt":"2025-04-22T02:54:16","slug":"weisses-haus-sieht-verschwoerung-gegen-hegseth","status":"publish","type":"post","link":"https:\/\/www.europesays.com\/de\/51054\/","title":{"rendered":"Wei\u00dfes Haus sieht Verschw\u00f6rung gegen Hegseth"},"content":{"rendered":"<p class=\"text-18 leading-17\">Am Freitag hatte Kevin Hassett, Direktor des Nationalen Wirtschaftsrats der USA, gesagt, der Pr\u00e4sident pr\u00fcfe, ob er in der Lage sei, Powell zu entlassen. Die Unabh\u00e4ngigkeit der Zentralbanken von politischen Einfl\u00fcssen sei wirklich wichtig f\u00fcr deren Arbeit, betonte Chicagos Fed-Pr\u00e4sident Austan Goolsbee in einer Reaktion am Sonntag.<\/p>\n<p class=\"text-18 leading-17\">Die Elite-Universit\u00e4t Harvard hat eine Klage gegen die US-Administration unter Pr\u00e4sident Donald Trump eingereicht. Das berichten US-Medien, unter anderem die &#8222;Washington Post&#8220; am Montagabend. <a class=\"transition-colors duration-200 cursor-pointer text-inherit no-underline text-salemsfur md:hover:text-magenta md:hover:border-magenta md:focus:text-magenta border-current border-b border-solid break-words\" href=\"https:\/\/www.t-online.de\/nachrichten\/ausland\/usa\/id_100688060\/widerstand-gegen-trump-harvard-universitaet-verklagt-us-regierung.html\" data-sctrack=\"BodyAnchor\" target=\"_blank\" rel=\"noopener\">In der Klage wird argumentiert<\/a>, dass die Ma\u00dfnahmen der Regierung, einschlie\u00dflich des Einfrierens von Bundesmitteln in H\u00f6he von 2,2 Milliarden Dollar, gegen das First Amendment, also den ersten Verfassungszusatz der US-Verfassung, versto\u00dfen und somit nicht den gesetzlichen Verfahren entsprechen.<\/p>\n<p class=\"text-18 leading-17\">US-Pr\u00e4sident Donald Trump wird zur Bestattung des Papstes Franziskus nach <a class=\"transition-colors duration-200 cursor-pointer text-inherit no-underline text-salemsfur md:hover:text-magenta md:hover:border-magenta md:focus:text-magenta border-current border-b border-solid break-words\" href=\"https:\/\/www.t-online.de\/themen\/italien\/\" data-sctrack=\"BodyAnchor\" target=\"_blank\" rel=\"noopener\">Italien<\/a> reisen. Das k\u00fcndigte er auf der Online-Plattform Truth Social an. Es ist die erste angek\u00fcndigte Auslandsreise in der neuen Amtszeit. Er werde von seiner Ehefrau Melania begleitet, schrieb Trump.<\/p>\n<p class=\"text-18 leading-17\">Unklar ist nun, ob Trump im Zuge seiner Reise zur Bestattung des Papstes noch weitere Orte besuchen wird. <a class=\"transition-colors duration-200 cursor-pointer text-inherit no-underline text-salemsfur md:hover:text-magenta md:hover:border-magenta md:focus:text-magenta border-current border-b border-solid break-words\" href=\"https:\/\/www.t-online.de\/nachrichten\/ausland\/id_100688046\/papst-trump-will-mit-first-lady-zur-bestattung-reisen.html\" data-sctrack=\"BodyAnchor\" target=\"_blank\" rel=\"noopener\">Hier lesen Sie mehr.<\/a><\/p>\n<p class=\"text-18 leading-17\">Die erneute Chat-Panne des US-Verteidigungsministers Pete Hegseth bringt ihm deutliche Kritik aus der eigenen Partei ein. Der republikanische Abgeordnete Don Bacon aus Nebraska schl\u00e4gt US-Pr\u00e4sident Donald Trump vor, seinen Minister zu entlassen. &#8222;Wenn es wahr ist, dass er ein weiteres Gespr\u00e4ch mit seiner Familie \u00fcber die Eins\u00e4tze gegen die Huthis hatte, ist das v\u00f6llig inakzeptabel&#8220;, so Bacon zu &#8222;Politico&#8220;.<\/p>\n<p class=\"text-18 leading-17\">&#8222;Ich sitze nicht im Wei\u00dfen Haus, und ich werde dem Wei\u00dfen Haus nicht sagen, wie es das zu handhaben hat &#8230; aber ich finde es inakzeptabel, und <a class=\"transition-colors duration-200 cursor-pointer text-inherit no-underline text-salemsfur md:hover:text-magenta md:hover:border-magenta md:focus:text-magenta border-current border-b border-solid break-words\" href=\"https:\/\/www.t-online.de\/nachrichten\/ausland\/usa\/id_100688014\/usa-republikaner-fordert-pete-hegseth-zu-feuern.html\" data-sctrack=\"BodyAnchor\" target=\"_blank\" rel=\"noopener\">ich w\u00fcrde es nicht tolerieren, wenn ich das Sagen h\u00e4tte&#8220;, sagte Bacon weiter<\/a>. Bacon gilt als gem\u00e4\u00dfigter Republikaner und hat in der Vergangenheit auch Trump kritisiert. Er ist Mitglied des Ausschusses f\u00fcr Streitkr\u00e4fte im Repr\u00e4sentantenhaus und fr\u00fcherer General der Air Force.<\/p>\n","protected":false},"excerpt":{"rendered":"Am Freitag hatte Kevin Hassett, Direktor des Nationalen Wirtschaftsrats der USA, gesagt, der Pr\u00e4sident pr\u00fcfe, ob er in&hellip;\n","protected":false},"author":2,"featured_media":51055,"comment_status":"","ping_status":"","sticky":false,"template":"","format":"standard","meta":{"footnotes":""},"categories":[3977],"tags":[1217,326,7797,522,24427,331,332,3057,23658,22714,19825,106,781,13,19654,6741,17703,24431,14,15,3129,9496,2480,649,24429,1555,3186,24430,12,3111,4017,4018,4016,1492,64,4019,4020,24426,5504,24428],"class_list":{"0":"post-51054","1":"post","2":"type-post","3":"status-publish","4":"format-standard","5":"has-post-thumbnail","7":"category-usa","8":"tag-1217","9":"tag-326","10":"tag-7797","11":"tag-522","12":"tag-abrego-garcia","13":"tag-aktuelle-nachrichten","14":"tag-aktuelle-news","15":"tag-amerika","16":"tag-beerdigung","17":"tag-bill-clinton","18":"tag-chris-van-hollen","19":"tag-donald-trump","20":"tag-el-salvador","21":"tag-headlines","22":"tag-jerome-powell","23":"tag-karoline-leavitt","24":"tag-kilmar-abrego-garcia","25":"tag-maxine-dexter","26":"tag-nachrichten","27":"tag-news","28":"tag-newsblog","29":"tag-oklahoma","30":"tag-papst-franziskus","31":"tag-pete-hegseth","32":"tag-peter-hegseth","33":"tag-republikaner","34":"tag-reuters","35":"tag-robert-garcia","36":"tag-schlagzeilen","37":"tag-truth-social","38":"tag-united-states","39":"tag-united-states-of-america","40":"tag-us","41":"tag-us-zoelle","42":"tag-usa","43":"tag-vereinigte-staaten","44":"tag-vereinigte-staaten-von-amerika","45":"tag-verschwoerung","46":"tag-weisses-haus","47":"tag-yassamin-ansari"},"share_on_mastodon":{"url":"","error":"Validation failed: Text character limit of 500 exceeded"},"_links":{"self":[{"href":"https:\/\/www.europesays.com\/de\/wp-json\/wp\/v2\/posts\/51054","targetHints":{"allow":["GET"]}}],"collection":[{"href":"https:\/\/www.europesays.com\/de\/wp-json\/wp\/v2\/posts"}],"about":[{"href":"https:\/\/www.europesays.com\/de\/wp-json\/wp\/v2\/types\/post"}],"author":[{"embeddable":true,"href":"https:\/\/www.europesays.com\/de\/wp-json\/wp\/v2\/users\/2"}],"replies":[{"embeddable":true,"href":"https:\/\/www.europesays.com\/de\/wp-json\/wp\/v2\/comments?post=51054"}],"version-history":[{"count":0,"href":"https:\/\/www.europesays.com\/de\/wp-json\/wp\/v2\/posts\/51054\/revisions"}],"wp:featuredmedia":[{"embeddable":true,"href":"https:\/\/www.europesays.com\/de\/wp-json\/wp\/v2\/media\/51055"}],"wp:attachment":[{"href":"https:\/\/www.europesays.com\/de\/wp-json\/wp\/v2\/media?parent=51054"}],"wp:term":[{"taxonomy":"category","embeddable":true,"href":"https:\/\/www.europesays.com\/de\/wp-json\/wp\/v2\/categories?post=51054"},{"taxonomy":"post_tag","embeddable":true,"href":"https:\/\/www.europesays.com\/de\/wp-json\/wp\/v2\/tags?post=51054"}],"curies":[{"name":"wp","href":"https:\/\/api.w.org\/{rel}","templated":true}]}}