{"id":510556,"date":"2025-10-19T10:03:12","date_gmt":"2025-10-19T10:03:12","guid":{"rendered":"https:\/\/www.europesays.com\/de\/510556\/"},"modified":"2025-10-19T10:03:12","modified_gmt":"2025-10-19T10:03:12","slug":"friedrich-ani-schreibt-in-schlupfwinkel-ueber-seine-kindheit","status":"publish","type":"post","link":"https:\/\/www.europesays.com\/de\/510556\/","title":{"rendered":"Friedrich Ani schreibt in \u201eSchlupfwinkel\u201c \u00fcber seine Kindheit"},"content":{"rendered":"<p>\u201eIch hatte dieses Buch gar nicht geplant\u201c, sagt Friedrich Ani. \u201eIch habe einfach angefangen zu schreiben, als meine Mutter dement wurde. Und dann schrieb sich das Buch geradezu von selbst.\u201c Die Rede ist von \u201eSchlupfwinkel\u201c, einem autobiographischen Text. <\/p>\n<p>\u201eManche Szenen habe ich fiktional aufgef\u00fcllt\u201c, sagt Ani. Und \u00fcberlegt. \u201eNa ja, so ganz fiktional sind die Szenen dann vielleicht doch nicht.\u201c In seinem Buch beschreibt er seine Kindheit im bayerischen Kochel am See \u2013 mit einem syrischen Vater, einer schlesischen Mutter.<\/p>\n<p><strong>Ein Syrer und eine Schlesierin<\/strong><\/p>\n<p>Der Vater war Ende der 1950er Jahre zum Deutschlernen nach Kochel gekommen, studierte sp\u00e4ter Medizin und wurde Arzt. Trotzdem wurde er von der schlesischen Vertriebenenfamilie manchmal ein \u201eKameltreiber\u201c geschimpft. Manchmal lie\u00df man ihn auch einfach vor der verschlossenen T\u00fcre stehen. <\/p>\n<p>Nachdem der Vater 2012 verstarb, schrieb Friedrich Ani bereits den Gedichtband \u201eIm Zimmer meines Vaters\u201c. \u201eZwischen meinem Vater und mir gab es immer eine gewisse Distanz\u201c, sagt Ani im Gespr\u00e4ch mit SWR Kultur. \u201eDas hatte sicher mit der Dominanz meiner Mutter zu tun.\u201c<\/p>\n<p><strong>\u201eSchreiben ist meine Art, in der Welt anwesend zu sein.\u201c<\/strong><\/p>\n<p>Friedrich Ani ist ein sehr vielseitiger Autor. Besonders bekannt sind seine fast zwei Dutzend Kriminalromane um den Ermittler Tabor S\u00fcden. Aber Friedrich Ani hat auch andere Ermittler erfunden und ihnen auch je mehrere Romane gewidmet. Au\u00dferdem hat er Drehb\u00fccher geschrieben, Dramen und H\u00f6rspiele. Und Lyrik. \u201eIch habe immer gern geschrieben\u201c, sagt er, \u201edenn Schreiben ist meine Art, in der Welt anwesend zu sein.\u201c<\/p>\n<p><img src=\"https:\/\/www.europesays.com\/de\/wp-content\/uploads\/2025\/10\/1760866580626,friedrich-ani-100~_v-16x9@2dS_-6be50a9c75559ca1aaf1d0b25bae287afdcd877a.jpg\"   class=\"\" data-copyright=\"Foto: IMAGO, IMAGO \/ Funke Foto Services\" alt=\"Friedrich Ani bei einer Lesung seines neuen Romans &quot;Schlupfwinkel&quot;.\" title=\"Friedrich Ani bei einer Lesung seines neuen Romans &quot;Schlupfwinkel&quot;. (Foto: IMAGO, IMAGO \/ Funke Foto Services)\" width=\"320\" height=\"180\" decoding=\"async\" loading=\"lazy\"\/><\/p>\n<p>Friedrich Ani, geboren 1959 in Kochel am See, ist Schriftsteller, Lyriker und Drehbuchautor. Bekannt wurde er mit seinen poetischen Kriminalromanen um Kommissar Tabor S\u00fcden und andere Suchende. Seine Geschichten kreisen um das Verschwinden, um innere Abgr\u00fcnde und die Sehnsucht nach Wahrheit. F\u00fcr sein Werk erhielt Ani zahlreiche Auszeichnungen, darunter den Deutschen Krimipreis und den Adolf-Grimme-Preis.<\/p>\n<p><a href=\"https:\/\/www.imago-images.de\/\" target=\"_blank\" rel=\"external noopener noreferrer external nofollow\" class=\"link\" tabindex=\"-1\" itemprop=\"url\"><br \/>\nIMAGO<br \/>\n<\/a><\/p>\n<p><a rel=\"external nofollow\" class=\"link\" tabindex=\"-1\" itemprop=\"url\"><br \/>\nIMAGO \/ Funke Foto Services<br \/>\n<\/a><\/p>\n<p><strong>Ermittlerin Fariza Nasri und andere syrische Figuren<\/strong><\/p>\n<p>In den letzten Jahren tauchen vermehrt Figuren mit syrisch-arabischer Herkunft in Anis Texten auf. Vermehrt seit dem Tod des Vaters. Unter anderem hat Ani die Ermittlerin Fariza Nasri erfunden, die 2021 im Roman \u201eLetzte Ehre\u201c auftauchte \u2013 und die 2024 in \u201eLichtjahre im Dunkel\u201c den ber\u00fchmten Ermittler Tabor S\u00fcden abl\u00f6ste. <\/p>\n<p>\u201eIch schreib nicht \u00fcber Syrien, denn ich w\u00fcrde mir nicht anma\u00dfen, \u00fcber dieses Land zu schreiben, das ich selbst zu wenig kenne.\u201c Dennoch: \u201eIn den letzten Jahren sind syrische Identit\u00e4ten in meine Figuren geschl\u00fcpft. Das ist ja auch mein eigener Hintergrund, obwohl ich kein Arabisch spreche.\u201c<\/p>\n<p><a href=\"https:\/\/www.swr.de\/unternehmen\/kommunikation\/ard-radio-tatort-nacht-der-vergessenen-sterne-100.html\" title=\"H\u00f6rspiel - Der erste Pf\u00e4lzer ARD Radio Tatort des SWR von Friedrich Ani \" class=\"teasertracking clickzone link\" role=\"presentation\" tabindex=\"-1\" rel=\"nofollow noopener\" target=\"_blank\"><\/p>\n<p><img src=\"https:\/\/www.europesays.com\/de\/wp-content\/uploads\/2025\/10\/1750954102956,nacht-der-vergessenen-sterne-106~_v-1x1@2dXS_-9a91314e681c924f29ec89ca45e4e12f5b1d728e.jpeg\"   class=\"\" data-copyright=\"Foto: SWR, Christian Koch\" alt=\"Von links: Cedric Cavatore (Dillinger), Janina Fautz (Anima), Lisa Wagner (Ekkelsberg). \" title=\"Von links: Cedric Cavatore (Dillinger), Janina Fautz (Anima), Lisa Wagner (Ekkelsberg).  (Foto: SWR, Christian Koch)\" width=\"320\" height=\"320\" decoding=\"async\" loading=\"lazy\"\/><\/p>\n<p><\/a><\/p>\n<p><a href=\"https:\/\/www.swr.de\/unternehmen\/kommunikation\/ard-radio-tatort-nacht-der-vergessenen-sterne-100.html\" title=\"H\u00f6rspiel - Der erste Pf\u00e4lzer ARD Radio Tatort des SWR von Friedrich Ani \" class=\"teasertracking clickzone link\" rel=\"nofollow noopener\" target=\"_blank\"><br \/>\nH\u00f6rspiel<br \/>\nDer erste Pf\u00e4lzer ARD Radio Tatort des SWR von Friedrich Ani<br \/>\n<\/a><\/p>\n<p><a href=\"https:\/\/www.swr.de\/unternehmen\/kommunikation\/ard-radio-tatort-nacht-der-vergessenen-sterne-100.html\" title=\"H\u00f6rspiel - Der erste Pf\u00e4lzer ARD Radio Tatort des SWR von Friedrich Ani \" class=\"teasertracking clickzone link\" rel=\"nofollow noopener\" target=\"_blank\"><\/p>\n<p>Janina Fautz und Lisa ermitteln in einem neuen Fall f\u00fcr den ARD Radio Tatort des SWR in Landau\n<\/p>\n<p><\/a><\/p>\n<p><strong>Die Wut, das Schweigen und das Schreiben<\/strong><\/p>\n<p>Leicht haben es diese Figuren nicht. Auch der Vater wird lebenslang immer ein wenig abgelehnt. Warum ist er trotzdem geblieben? Das Buch wei\u00df keine Antwort. Es ist viel Wut im Spiel in \u201eSchlupfwinkel\u201c, denn das Kind versteht vieles nicht. Es wird nie in etwas eingeweiht. Selbst bei der nachgeholten Hochzeit seiner Eltern musste es zuhause bleiben. <\/p>\n<p>\u201eVor allem bin ich w\u00fctend auf mich selbst\u201c, sagt Ani, \u201edenn ich h\u00e4tte damals rigoroser auftreten m\u00fcssen, mich mehr wehren, nicht in meinem Zimmer sitzen, meinem Schlupfwinkel.\u201c Er \u00fcbernahm das Schweigen seiner Eltern. \u201eAber ich habe das Schweigen gef\u00fcllt mit Schreiben. Ich erfinde mich selbst, indem ich still in meinem Zimmer bin und da etwas schreibe.\u201c<\/p>\n<p>Schlupfwinkel<\/p>\n<p><img src=\"https:\/\/www.europesays.com\/de\/wp-content\/uploads\/2025\/10\/1760864061431,2025-10-19-friedrich-ani-schlupfwinkel-100~_v-icon_-7bcdf069542bbe2d1d9ef71cb5865f2137.jpeg\"  class=\"\" data-copyright=\"Foto: Pressestelle, Suhrkamp Verlag\" alt=\"Friedrich Ani - Schlupfwinkel\" title=\"Friedrich Ani - Schlupfwinkel (Foto: Pressestelle, Suhrkamp Verlag)\" width=\"320\" height=\"522\" decoding=\"async\" loading=\"lazy\"\/><\/p>\n<p>Friedrich Ani &#8211; Schlupfwinkel<\/p>\n<p><a rel=\"external nofollow\" class=\"link\" tabindex=\"-1\" itemprop=\"url\"><br \/>\nPressestelle<br \/>\n<\/a><\/p>\n<p><a rel=\"external nofollow\" class=\"link\" tabindex=\"-1\" itemprop=\"url\"><br \/>\nSuhrkamp Verlag<br \/>\n<\/a><\/p>\n<dl class=\"review-metadaten\">\n<dt class=\"review-genre\">Genre<\/dt>\n<dd class=\"review-genre\">Roman<\/dd>\n<dt class=\"review-publisher\">Verlag<\/dt>\n<dd class=\"review-publisher\">Suhrkamp (128 Seiten, 18 Euro)<\/dd>\n<dt class=\"review-date-published\">Erscheinungsdatum<\/dt>\n<dd class=\"review-date-published\">13. Oktober 2025<\/dd>\n<dt class=\"review-isbn\">ISBN<\/dt>\n<dd class=\"review-isbn\">978-3-518-47517-1<\/dd>\n<\/dl>\n<p><strong>\u201eIch dachte, ich w\u00e4re cooler damit. Aber ich bin\u2019s nicht.\u201c<\/strong><\/p>\n<p>In Anis Kriminalromanen geht es oft um verschwundene Personen. Vermisste treiben ihn um. Vielleicht weil auch seine Eltern aus ihren jeweiligen Heimaten verschwunden sind? Oder weil der Sohn sie nicht zu fassen kriegte? Vielleicht. Friedrich Ani \u00fcberlegt: \u201eIch bin vielleicht auch jemand, der verschwunden ist und der sich selbst sucht.\u201c <\/p>\n<p>Sein Buch geht tiefer als erwartet: \u201eBis zu dieser Buchmesse habe ich nicht viel dar\u00fcber nachgedacht. Jetzt aber ist das Buch da, und ich spreche dar\u00fcber, und ich merke, dass mir das Buch sehr nahe geht. Ich dachte, ich w\u00e4re cooler damit. Aber ich bin\u2019s nicht.\u201c Mehr noch: \u201eIch muss das Buch jetzt ein zweites Mal bew\u00e4ltigen \u2013 in der \u00d6ffentlichkeit. So eine starke Erfahrung mit einem gedruckten Buch habe ich noch nicht gemacht.\u201c<\/p>\n<p class=\"block-link block-link-linkbox\">\n<a href=\"https:\/\/www.swr.de\/kultur\/literatur\/auf-diesen-seiten-wird-meine-mutter-meine-gangsterin-leben-die-bewegende-lebensgeschichte-von-arundhati-roy-100.html\" title=\"\u201eAuf diesen Seiten wird meine Mutter, meine Gangsterin leben&quot; - \u201eMeine Zuflucht und mein Sturm&quot;: Die bewegende Lebensgeschichte von Arundhati Roy\" class=\"link\" rel=\"nofollow noopener\" target=\"_blank\"><br \/>\n\u201eMeine Zuflucht und mein Sturm&#8220;: Die bewegende Lebensgeschichte von Arundhati Roy<br \/>\n<\/a>\n<\/p>\n<p><strong>Mehr Autobiographie? \u2013 Vielleicht ja, vielleicht nein!<\/strong><\/p>\n<p>Wird Friedrich Ani weitere autobiographische Texte schreiben? \u201eDas habe ich nicht geplant. Also m\u00f6glicherweise nicht. Aber ich w\u00fcrde es auch nicht ausschlie\u00dfen.\u201c Das Buch \u201eSchlupfwinkel\u201c hatte er auch nicht geplant. \u201eVielleicht passiert es nochmal, dass ich ein Buch nicht geplant habe, aber dann doch schreibe.\u201c<\/p>\n","protected":false},"excerpt":{"rendered":"\u201eIch hatte dieses Buch gar nicht geplant\u201c, sagt Friedrich Ani. \u201eIch habe einfach angefangen zu schreiben, als meine&hellip;\n","protected":false},"author":2,"featured_media":510557,"comment_status":"","ping_status":"","sticky":false,"template":"","format":"standard","meta":{"footnotes":""},"categories":[1774],"tags":[1784,1785,29,214,30,215],"class_list":{"0":"post-510556","1":"post","2":"type-post","3":"status-publish","4":"format-standard","5":"has-post-thumbnail","7":"category-buecher","8":"tag-books","9":"tag-buecher","10":"tag-deutschland","11":"tag-entertainment","12":"tag-germany","13":"tag-unterhaltung"},"share_on_mastodon":{"url":"https:\/\/pubeurope.com\/@de\/115400265755045028","error":""},"_links":{"self":[{"href":"https:\/\/www.europesays.com\/de\/wp-json\/wp\/v2\/posts\/510556","targetHints":{"allow":["GET"]}}],"collection":[{"href":"https:\/\/www.europesays.com\/de\/wp-json\/wp\/v2\/posts"}],"about":[{"href":"https:\/\/www.europesays.com\/de\/wp-json\/wp\/v2\/types\/post"}],"author":[{"embeddable":true,"href":"https:\/\/www.europesays.com\/de\/wp-json\/wp\/v2\/users\/2"}],"replies":[{"embeddable":true,"href":"https:\/\/www.europesays.com\/de\/wp-json\/wp\/v2\/comments?post=510556"}],"version-history":[{"count":0,"href":"https:\/\/www.europesays.com\/de\/wp-json\/wp\/v2\/posts\/510556\/revisions"}],"wp:featuredmedia":[{"embeddable":true,"href":"https:\/\/www.europesays.com\/de\/wp-json\/wp\/v2\/media\/510557"}],"wp:attachment":[{"href":"https:\/\/www.europesays.com\/de\/wp-json\/wp\/v2\/media?parent=510556"}],"wp:term":[{"taxonomy":"category","embeddable":true,"href":"https:\/\/www.europesays.com\/de\/wp-json\/wp\/v2\/categories?post=510556"},{"taxonomy":"post_tag","embeddable":true,"href":"https:\/\/www.europesays.com\/de\/wp-json\/wp\/v2\/tags?post=510556"}],"curies":[{"name":"wp","href":"https:\/\/api.w.org\/{rel}","templated":true}]}}