{"id":51057,"date":"2025-04-22T02:56:34","date_gmt":"2025-04-22T02:56:34","guid":{"rendered":"https:\/\/www.europesays.com\/de\/51057\/"},"modified":"2025-04-22T02:56:34","modified_gmt":"2025-04-22T02:56:34","slug":"frankreich-ueberlebenshandbuch-soll-buerger-auf-ernstfall-vorbereiten","status":"publish","type":"post","link":"https:\/\/www.europesays.com\/de\/51057\/","title":{"rendered":"Frankreich: \u00dcberlebenshandbuch soll B\u00fcrger auf Ernstfall vorbereiten"},"content":{"rendered":"<p>In Form eines Heftes will Frankreich seinen B\u00fcrgern einen Leitfaden an die Hand geben, wie sie sich im Falle eines Krieges oder einer Naturkatastrophe verhalten sollten. Darin stehen auch Tipps f\u00fcr ein autarkes \u00dcberleben, wie ein Radiosender berichtet.<\/p>\n<p class=\"is-first-paragraph\" data-external=\"Article.FirstParagraph\">In Frankreich m\u00f6chte die Regierung offenbar ihre B\u00fcrger auf den Ernstfall vorbereiten. In einem 20-seitigen Heft sollen \u00dcberlebenstipps f\u00fcr den Fall eines \u201ebewaffneten Konfliktes\u201c oder sonstige Krisen wie \u00dcberschwemmungen oder eine Epidemie gesammelt werden, berichtet der franz\u00f6sische Radiosender <a class=\"is-link c-block-items__link is-external c-link--rich-text-renderer\" href=\"https:\/\/www.europe1.fr\/societe\/info-europe-1-un-manuel-de-survie-en-cas-de-guerre-ou-de-crise-va-etre-envoye-a-tous-les-foyers-francais-dici-a-cet-ete-668401\" target=\"_blank\" title=\"(Link wird in einem neuen Tab ge\u00f6ffnet)\" rel=\"nofollow noopener\" data-internal-tracking-enabled=\"true\" data-internal-tracking=\"{&quot;action&quot;:&quot;click&quot;,&quot;label&quot;:&quot;link&quot;,&quot;name&quot;:&quot;Inline Element&quot;,&quot;data&quot;:{&quot;source&quot;:&quot;&quot;,&quot;target&quot;:&quot;https:\/\/www.europe1.fr\/societe\/info-europe-1-un-manuel-de-survie-en-cas-de-guerre-ou-de-crise-va-etre-envoye-a-tous-les-foyers-francais-dici-a-cet-ete-668401&quot;,&quot;trackingName&quot;:&quot;&quot;,&quot;trackingLabel&quot;:&quot;&quot;}}\">\u201eEurope1\u201c <\/a>und zitiert eine Regierungsquelle. Als Vorbild soll eine<a class=\"is-link c-block-items__link c-link--rich-text-renderer\" href=\"https:\/\/www.welt.de\/article254578182\" data-internal-tracking-enabled=\"true\" data-internal-tracking=\"{&quot;action&quot;:&quot;click&quot;,&quot;label&quot;:&quot;link&quot;,&quot;name&quot;:&quot;Inline Element&quot;,&quot;data&quot;:{&quot;source&quot;:&quot;&quot;,&quot;target&quot;:&quot;\/article254578182&quot;,&quot;trackingName&quot;:&quot;&quot;,&quot;trackingLabel&quot;:&quot;&quot;}}\" rel=\"nofollow noopener\" target=\"_blank\"> Info-Brosch\u00fcre aus Schweden <\/a>dienen.<\/p>\n<p>Demnach soll bis zum Sommer jeder Haushalt mit der Lekt\u00fcre ausgestattet sein. Als potenzielle Gefahr nennt der Sender Russland, was sich mit der Einsch\u00e4tzung von Frankreichs Pr\u00e4sident Emmanuel Macron deckt. Macron warnte erst Anfang M\u00e4rz in einer Rede an die Nation seine Landsleute mit dem Argument, Pr\u00e4sident Wladimir Putin r\u00fcste weiter auf.<\/p>\n<p>In der Brosch\u00fcre soll es jedoch nicht nur um Ma\u00dfnahmen im Kriegsfall gehen, sondern auch f\u00fcr Naturkatastrophen oder die n\u00e4chste Pandemie. \u201eZiel ist es, den Franzosen zu vermitteln, dass sie sich auf alle Eventualit\u00e4ten vorbereiten sollen, nicht nur auf bewaffnete Konflikte\u201c, zitierte der Sender ein Regierungsmitglied. \u201eEs geht darum, den Franzosen zu sagen: \u201aMachen Sie sich darauf gefasst, einige Tage lang auf Selbstversorgung angewiesen zu sein\u2018.\u201c<\/p>\n<p>Das Handbuch soll aus drei Teilen bestehen. \u201eSch\u00fctzen Sie sich\u201c hei\u00dft demnach der Erste und empfiehlt, sich die Nummern von Familienmitgliedern und Nachbarn zu notieren.<\/p>\n<p>Wasser, Konserven und Kochsalzl\u00f6sung<\/p>\n<p>Mithilfe von Piktogrammen werde zudem gezeigt, was im Ernstfall zu tun sei. Auch schlage das Handbuch jedem vor, ein \u201e\u00dcberlebenskit\u201c zu Hause zu haben. Der Inhalt: mindestens sechs Liter Wasser in Flaschen, zehn Konservendosen, Batterien und Taschenlampe, Paracetamol, Verbandsmaterial und Kochsalzl\u00f6sung. <\/p>\n<p>Im zweiten Teil (\u201eWas tun im Alarmfall?\u201c) geht es dem Radiosender zufolge um Ma\u00dfnahmen im Falle einer unmittelbaren Bedrohung, weshalb Notrufnummern und Vorgehen je nach Art der Krise aufgelistet sind \u2013 etwa das T\u00fcrenschlie\u00dfen im Falle einer nuklearen Notlage.<\/p>\n<p>\u201eBeteiligen Sie sich\u201c hei\u00dft demnach der dritte und letzte Teil. Dort werde erkl\u00e4rt, wie man sich f\u00fcr die Reserve meldet.<\/p>\n<p>jm<\/p>\n","protected":false},"excerpt":{"rendered":"In Form eines Heftes will Frankreich seinen B\u00fcrgern einen Leitfaden an die Hand geben, wie sie sich im&hellip;\n","protected":false},"author":2,"featured_media":51058,"comment_status":"","ping_status":"","sticky":false,"template":"","format":"standard","meta":{"footnotes":""},"categories":[3974],"tags":[331,332,7302,548,663,3934,3980,156,20378,13,7301,14,15,110,115,12,45],"class_list":{"0":"post-51057","1":"post","2":"type-post","3":"status-publish","4":"format-standard","5":"has-post-thumbnail","7":"category-frankreich","8":"tag-aktuelle-nachrichten","9":"tag-aktuelle-news","10":"tag-emmanuel","11":"tag-eu","12":"tag-europa","13":"tag-europe","14":"tag-france","15":"tag-frankreich","16":"tag-frankreich-politik","17":"tag-headlines","18":"tag-macron","19":"tag-nachrichten","20":"tag-news","21":"tag-newsteam","22":"tag-russland-ukraine-krieg-24-2-2022","23":"tag-schlagzeilen","24":"tag-texttospeech"},"share_on_mastodon":{"url":"https:\/\/pubeurope.com\/@de\/114379370229885084","error":""},"_links":{"self":[{"href":"https:\/\/www.europesays.com\/de\/wp-json\/wp\/v2\/posts\/51057","targetHints":{"allow":["GET"]}}],"collection":[{"href":"https:\/\/www.europesays.com\/de\/wp-json\/wp\/v2\/posts"}],"about":[{"href":"https:\/\/www.europesays.com\/de\/wp-json\/wp\/v2\/types\/post"}],"author":[{"embeddable":true,"href":"https:\/\/www.europesays.com\/de\/wp-json\/wp\/v2\/users\/2"}],"replies":[{"embeddable":true,"href":"https:\/\/www.europesays.com\/de\/wp-json\/wp\/v2\/comments?post=51057"}],"version-history":[{"count":0,"href":"https:\/\/www.europesays.com\/de\/wp-json\/wp\/v2\/posts\/51057\/revisions"}],"wp:featuredmedia":[{"embeddable":true,"href":"https:\/\/www.europesays.com\/de\/wp-json\/wp\/v2\/media\/51058"}],"wp:attachment":[{"href":"https:\/\/www.europesays.com\/de\/wp-json\/wp\/v2\/media?parent=51057"}],"wp:term":[{"taxonomy":"category","embeddable":true,"href":"https:\/\/www.europesays.com\/de\/wp-json\/wp\/v2\/categories?post=51057"},{"taxonomy":"post_tag","embeddable":true,"href":"https:\/\/www.europesays.com\/de\/wp-json\/wp\/v2\/tags?post=51057"}],"curies":[{"name":"wp","href":"https:\/\/api.w.org\/{rel}","templated":true}]}}