{"id":510572,"date":"2025-10-19T10:11:11","date_gmt":"2025-10-19T10:11:11","guid":{"rendered":"https:\/\/www.europesays.com\/de\/510572\/"},"modified":"2025-10-19T10:11:11","modified_gmt":"2025-10-19T10:11:11","slug":"wegen-moeglicher-metallteile-lidl-ruft-butterwaffeln-zurueck-leben-wissen","status":"publish","type":"post","link":"https:\/\/www.europesays.com\/de\/510572\/","title":{"rendered":"Wegen m\u00f6glicher Metallteile: Lidl ruft Butterwaffeln zur\u00fcck | Leben &#038; Wissen"},"content":{"rendered":"<p> An dieser Stelle findest du den Text-to-Speech Player<\/p>\n<p> Um den TTS Player darzustellen, brauchen wir deine Zustimmung. <\/p>\n<p> externen Inhalt aktivieren  Um eingebettete Inhalte anzuzeigen, ist Ihre jederzeit widerrufliche Einwilligung (\u00fcber den Schalter oder \u00fcber &#8220; <a class=\"embed-placeholder__text-link\" href=\"#\" rel=\"noopener noreferrer\" title=\"Tracking widerrufen\"> Widerruf Tracking und Cookies<\/a> &#8220; am Seitenende) zur Verarbeitung personenbezogener Daten n\u00f6tig.  Dabei k\u00f6nnen Daten in Drittl\u00e4nder wie die USA \u00fcbermittelt werden (Art. 49 Abs. 1 lit. a DSGVO). Mit dem Aktivieren des Inhalts stimmen Sie zu. Weitere Infos finden Sie <a class=\"embed-placeholder__text-link\" href=\"#\" rel=\"noopener noreferrer\" title=\"Zu den Privatsph\u00e4re Einstellungen\"> hier<\/a>. <\/p>\n<p data-suggestion-id=\"suggestions-0-275\"><b>Stuttgart (dpa) \u2013 Lidl ruft wegen m\u00f6glicher Metallteile das Produkt \u201eButterwaffeln mit Sirup\u201c in der 560-Gramm-Packung zur\u00fcck. Das berichtet das Portal lebensmittelwarnung.de. Kunden sollten den R\u00fcckruf unbedingt beachten, da beim Verzehr Verletzungsgefahr besteht.<\/b><\/p>\n<p>Welche Chargen sind betroffen?<\/p>\n<p data-suggestion-id=\"suggestions-275-472\">Laut Angaben des Unternehmens betrifft der <a href=\"https:\/\/www.bild.de\/ratgeber\/verbrauchertipps\/thema-lebensmittel-rueckrufe-warnungen-alle-infos-und-news-d3WZTBkvjuWIbs9CA8Zf\" class=\"text-link\" rel=\"nofollow noopener\" target=\"_blank\">R\u00fcckruf<\/a> die Chargen mit den Mindesthaltbarkeitsdaten 09.12.2025, 15.12.2025, 16.12.2025, 17.12.2025 und 22.12.2025. Hersteller ist der niederl\u00e4ndische Lieferant Biscuit International.<\/p>\n<p>Mehr zum ThemaIn welchen Bundesl\u00e4ndern wurden die Waffeln verkauft?<\/p>\n<p data-suggestion-id=\"suggestions-472-689\">Die Butterwaffeln sind in Baden-W\u00fcrttemberg, Bayern, Berlin, Brandenburg, Bremen, Hamburg, Hessen, Mecklenburg-Vorpommern, Niedersachsen, Nordrhein-Westfalen, Rheinland-Pfalz, Saarland, Sachsen und Schleswig-Holstein erh\u00e4ltlich gewesen.<\/p>\n<p>R\u00fcckgabe in allen Lidl-Filialen m\u00f6glich<\/p>\n<p data-suggestion-id=\"suggestions-689-886\">Betroffene Kunden k\u00f6nnen die Butterwaffeln in jeder <a href=\"https:\/\/www.bild.de\/themen\/organisationen\/lidl\/lidl-news-fotos-videos-20313166.bild.html\" class=\"text-link\" rel=\"nofollow noopener\" target=\"_blank\">Lidl-Filiale<\/a> zur\u00fcckgeben, auch ohne Kassenbon. Der Kaufpreis wird erstattet.<\/p>\n","protected":false},"excerpt":{"rendered":"An dieser Stelle findest du den Text-to-Speech Player Um den TTS Player darzustellen, brauchen wir deine Zustimmung. externen&hellip;\n","protected":false},"author":2,"featured_media":510573,"comment_status":"","ping_status":"","sticky":false,"template":"","format":"standard","meta":{"footnotes":""},"categories":[134],"tags":[175,170,169,29,30,171,174,37250,45,173,172],"class_list":{"0":"post-510572","1":"post","2":"type-post","3":"status-publish","4":"format-standard","5":"has-post-thumbnail","7":"category-unternehmen-maerkte","8":"tag-business","9":"tag-companies","10":"tag-companies-markets","11":"tag-deutschland","12":"tag-germany","13":"tag-markets","14":"tag-maerkte","15":"tag-rueckrufaktion","16":"tag-texttospeech","17":"tag-unternehmen","18":"tag-unternehmen-maerkte"},"share_on_mastodon":{"url":"https:\/\/pubeurope.com\/@de\/115400296676596066","error":""},"_links":{"self":[{"href":"https:\/\/www.europesays.com\/de\/wp-json\/wp\/v2\/posts\/510572","targetHints":{"allow":["GET"]}}],"collection":[{"href":"https:\/\/www.europesays.com\/de\/wp-json\/wp\/v2\/posts"}],"about":[{"href":"https:\/\/www.europesays.com\/de\/wp-json\/wp\/v2\/types\/post"}],"author":[{"embeddable":true,"href":"https:\/\/www.europesays.com\/de\/wp-json\/wp\/v2\/users\/2"}],"replies":[{"embeddable":true,"href":"https:\/\/www.europesays.com\/de\/wp-json\/wp\/v2\/comments?post=510572"}],"version-history":[{"count":0,"href":"https:\/\/www.europesays.com\/de\/wp-json\/wp\/v2\/posts\/510572\/revisions"}],"wp:featuredmedia":[{"embeddable":true,"href":"https:\/\/www.europesays.com\/de\/wp-json\/wp\/v2\/media\/510573"}],"wp:attachment":[{"href":"https:\/\/www.europesays.com\/de\/wp-json\/wp\/v2\/media?parent=510572"}],"wp:term":[{"taxonomy":"category","embeddable":true,"href":"https:\/\/www.europesays.com\/de\/wp-json\/wp\/v2\/categories?post=510572"},{"taxonomy":"post_tag","embeddable":true,"href":"https:\/\/www.europesays.com\/de\/wp-json\/wp\/v2\/tags?post=510572"}],"curies":[{"name":"wp","href":"https:\/\/api.w.org\/{rel}","templated":true}]}}