{"id":510574,"date":"2025-10-19T10:12:17","date_gmt":"2025-10-19T10:12:17","guid":{"rendered":"https:\/\/www.europesays.com\/de\/510574\/"},"modified":"2025-10-19T10:12:17","modified_gmt":"2025-10-19T10:12:17","slug":"israel-fliegt-luftangriffe-in-rafah-nach-waffenruhe-verstoss-politik","status":"publish","type":"post","link":"https:\/\/www.europesays.com\/de\/510574\/","title":{"rendered":"Israel fliegt Luftangriffe in Rafah \u2013 nach Waffenruhe-Versto\u00df | Politik"},"content":{"rendered":"<p>Tel Aviv \u2013 <b>Steht jetzt die Waffenruhe vor dem Aus? Israels Luftwaffe hat nach israelischen Medienberichten Ziele im S\u00fcden des Gazastreifens angegriffen. Bei den Angriffen in der N\u00e4he der Grenzstadt Rafah handele es sich um eine Reaktion auf einen Versto\u00df gegen die Waffenruhe von pal\u00e4stinensischer Seite, hie\u00df es in den Berichten. Israelische Truppen seien in dem Gebiet von Terroristen beschossen worden. <\/b><\/p>\n<p>Ein Armeesprecher sagte, man pr\u00fcfe die Berichte. Der Sender Al-Arabiya berichtete, dass die IDF drei Luftangriffe ausgef\u00fchrt habe.<\/p>\n<p>Ministerpr\u00e4sident Benjamin Netanjahu (75), Verteidigungsminister Israel Katz (70) und die Milit\u00e4rf\u00fchrung besprachen nach Informationen des Senders Channel 12 in einem Telefonat die Lage und berieten das weitere Vorgehen. Sie werden w\u00e4hrend der Kabinettssitzung \u00fcber die Entwicklungen vor Ort informiert. <\/p>\n<p>Mehr zum Thema<\/p>\n<p>Seit dem 10. Oktober herrscht im Gazastreifen offiziell eine Waffenruhe zwischen Israel und der islamistischen Terrororganisation Hamas. Es gab allerdings bereits mehrere gewaltsame Zwischenf\u00e4lle. <\/p>\n<p>Auch interessant<\/p>\n<p>Anzeige<\/p>\n<p>Auch interessant<\/p>\n<p>Anzeige<\/p>\n<p>Der Minister f\u00fcr nationale Sicherheit, Itamar Ben-Gvir (49), appellierte an Netanjahu, die Milit\u00e4roperationen im Gazastreifen wieder aufzunehmen. \u201eDer falsche Glaube, dass die Hamas ihr Verhalten \u00e4ndern oder sich auch nur an das von ihr unterzeichnete Abkommen halten wird, erweist sich \u2013 wenig \u00fcberraschend \u2013 als gef\u00e4hrlich f\u00fcr unsere Sicherheit\u201c, erkl\u00e4rte er. \u201eDiese nazistische Terrororganisation muss vollst\u00e4ndig vernichtet werden. Je fr\u00fcher, desto besser.\u201c<\/p>\n<p><b>Zuvor hatten die USA vor einer neuen Gewalteskalation im Gazastreifen gewarnt. In einer Mitteilung warnte das US-Au\u00dfenministerium vor einem \u201eunmittelbar bevorstehenden\u201c geplanten Angriff auf pal\u00e4stinensische Zivilisten. <\/b><\/p>\n<p>USA f\u00fcrchten neue Eskalation der Gewalt<\/p>\n<p>Darin hei\u00dft es, Washington habe die Garantiem\u00e4chte des Gaza-Friedensplans (Katar, \u00c4gypten, T\u00fcrkei) \u00fcber \u201eglaubw\u00fcrdige Berichte\u201c informiert, wonach die Terroristen in K\u00fcrze erneut die bestehende Waffenruhe verletzen k\u00f6nnten. Ein Angriff dieser Art w\u00fcrde \u201eeinen direkten und schwerwiegenden Versto\u00df gegen die Waffenruhe-Vereinbarung darstellen\u201c und die Fortschritte im Friedensprozess untergraben, hie\u00df es.<\/p>\n<p>Die Hamas reagierte darauf in einer Mitteilung und erkl\u00e4rte, es handele sich um \u201ehaltlose Behauptungen\u201c, die im Einklang mit israelischer Propaganda st\u00fcnden. <\/p>\n<p><b>Die Garantiem\u00e4chte forderten die <\/b><a href=\"https:\/\/www.bild.de\/themen\/organisationen\/hamas\/politik-nachrichten-news-fotos-videos-20560984.bild.html\" class=\"text-link\" target=\"_blank\" rel=\"noopener\"><b>Hamas<\/b><\/a><b> erneut dazu auf, \u201eihren Verpflichtungen aus dem Waffenruhe-Abkommen nachzukommen\u201c. Um die Sicherheit der Menschen in Gaza langfristig zu gew\u00e4hrleisten, will US-Pr\u00e4sident <\/b><a href=\"https:\/\/www.bild.de\/politik\/leute\/donald-trump\/thema-donald-trump-alle-infos-80018378.bild.html\" class=\"text-link\" target=\"_blank\" rel=\"noopener\"><b>Donald Trump<\/b><\/a><b> (79) eine sogenannte Internationale Stabilisierungstruppe (ISF) aufstellen, die auch die Hamas entwaffnen soll. <\/b><\/p>\n","protected":false},"excerpt":{"rendered":"Tel Aviv \u2013 Steht jetzt die Waffenruhe vor dem Aus? Israels Luftwaffe hat nach israelischen Medienberichten Ziele im&hellip;\n","protected":false},"author":2,"featured_media":510575,"comment_status":"","ping_status":"","sticky":false,"template":"","format":"standard","meta":{"footnotes":""},"categories":[3],"tags":[1737,1738,1736,739,2547,410,13,411,14,15,16,12,2544,45,10,8,9,11,103,104],"class_list":{"0":"post-510574","1":"post","2":"type-post","3":"status-publish","4":"format-standard","5":"has-post-thumbnail","7":"category-welt","8":"tag-breaking-news","9":"tag-desk-delta","10":"tag-fb-instantarticles","11":"tag-gaza","12":"tag-gaza-streifen","13":"tag-hamas","14":"tag-headlines","15":"tag-israel","16":"tag-nachrichten","17":"tag-news","18":"tag-politik","19":"tag-schlagzeilen","20":"tag-terrorismus","21":"tag-texttospeech","22":"tag-top-news","23":"tag-top-meldungen","24":"tag-topmeldungen","25":"tag-topnews","26":"tag-welt","27":"tag-world"},"share_on_mastodon":{"url":"https:\/\/pubeurope.com\/@de\/115400300722051506","error":""},"_links":{"self":[{"href":"https:\/\/www.europesays.com\/de\/wp-json\/wp\/v2\/posts\/510574","targetHints":{"allow":["GET"]}}],"collection":[{"href":"https:\/\/www.europesays.com\/de\/wp-json\/wp\/v2\/posts"}],"about":[{"href":"https:\/\/www.europesays.com\/de\/wp-json\/wp\/v2\/types\/post"}],"author":[{"embeddable":true,"href":"https:\/\/www.europesays.com\/de\/wp-json\/wp\/v2\/users\/2"}],"replies":[{"embeddable":true,"href":"https:\/\/www.europesays.com\/de\/wp-json\/wp\/v2\/comments?post=510574"}],"version-history":[{"count":0,"href":"https:\/\/www.europesays.com\/de\/wp-json\/wp\/v2\/posts\/510574\/revisions"}],"wp:featuredmedia":[{"embeddable":true,"href":"https:\/\/www.europesays.com\/de\/wp-json\/wp\/v2\/media\/510575"}],"wp:attachment":[{"href":"https:\/\/www.europesays.com\/de\/wp-json\/wp\/v2\/media?parent=510574"}],"wp:term":[{"taxonomy":"category","embeddable":true,"href":"https:\/\/www.europesays.com\/de\/wp-json\/wp\/v2\/categories?post=510574"},{"taxonomy":"post_tag","embeddable":true,"href":"https:\/\/www.europesays.com\/de\/wp-json\/wp\/v2\/tags?post=510574"}],"curies":[{"name":"wp","href":"https:\/\/api.w.org\/{rel}","templated":true}]}}