{"id":510576,"date":"2025-10-19T10:13:14","date_gmt":"2025-10-19T10:13:14","guid":{"rendered":"https:\/\/www.europesays.com\/de\/510576\/"},"modified":"2025-10-19T10:13:14","modified_gmt":"2025-10-19T10:13:14","slug":"an-der-fundstelle-der-leiche-ist-das-gras-verbrannt","status":"publish","type":"post","link":"https:\/\/www.europesays.com\/de\/510576\/","title":{"rendered":"An der Fundstelle der Leiche ist das Gras verbrannt"},"content":{"rendered":"<p>Vermisster Junge aus G\u00fcstrow wurde get\u00f6tetAm Fundort von Fabians (\u20208) Leiche ist das Gras verbrannt <img alt=\"Verbranntes Gras am Leichenfundort\" loading=\"lazy\" width=\"940\" height=\"529\" decoding=\"async\" data-nimg=\"1\" class=\"Image_image__SdgLQ Picture_image__vGN9W\" style=\"color:transparent\"   src=\"https:\/\/www.europesays.com\/de\/wp-content\/uploads\/2025\/10\/img_3875.webp.webp\"\/><\/p>\n<p>An einem Gew\u00e4sser etwa 15 Kilometer von seinem Heimatort entfernt wird die Leiche des Jungen am Dienstag (14. Oktober) gefunden.<\/p>\n<p>RTL19. Oktober 2025 um 09:22 Uhr<\/p>\n<p>von <strong>Nils Fischer-Stahl<\/strong>, <strong>Jens Schwarck-K\u00f6hnke<\/strong>, <strong>Carsten Kulawik<\/strong>, <strong>Estha Burde<\/strong> und <strong>Johanna Grewer<\/strong><\/p>\n<p class=\"AnnotatedMarkup_paragraph__IUT9l\"><strong>Die abgeknickten Halme sind schwarz versengt. <\/strong><br \/>Genau hier soll Fabian irgendwo gelegen haben. Am 14. Oktober wird die Leiche des vermissten Grundsch\u00fclers an einem T\u00fcmpel in Klein Upahl gefunden. Nach RTL-Informationen ist das Gras an der Fundstelle verbrannt. Auf Bildern sind mehrere verkohlte B\u00fcschel zu sehen.<\/p>\n<p>Wie ist Fabian aus G\u00fcrstrow an den T\u00fcmpel in Klein Upahl gekommen? <\/p>\n<p class=\"AnnotatedMarkup_paragraph__IUT9l\">Das Gebiet nahe der kleinen Gemeinde Klein Upahl besteht aus h\u00fcgeligen Feldfl\u00e4chen unterbrochen von Wasserl\u00f6chern, B\u00fcschen und B\u00e4umen. Angrenzend befinden sich auch W\u00e4lder. Die Staatsanwaltschaft best\u00e4tigt auf RTL-Anfrage, dass es ganz in der N\u00e4he des Fundorts auch Schilf gebe. Wie Fabian dorthin gekommen ist und wie genau er starb, ist noch v\u00f6llig unklar.<\/p>\n<p class=\"AnnotatedMarkup_paragraph__IUT9l\"><strong>Lese-Tipp: <\/strong><a href=\"https:\/\/www.rtl.de\/news\/nach-gewaltsamen-tod-von-fabian-8-aus-guestrow-ermittler-warnen-vor-spekulationen-id6808746.html\" target=\"_self\" rel=\"noopener\">Nach gewaltsamen Tod von Fabian (\u20208) aus G\u00fcstrow \u2013 Ermittler haben dringende Warnung<\/a><\/p>\n<p><img alt=\"Leichenfundort in Klein Upahl \" loading=\"lazy\" width=\"940\" height=\"529\" decoding=\"async\" data-nimg=\"1\" class=\"Image_image__SdgLQ Picture_image__vGN9W\" style=\"color:transparent\"   src=\"https:\/\/www.europesays.com\/de\/wp-content\/uploads\/2025\/10\/img_3830.webp.webp\"\/><\/p>\n<p>Fabians Leiche wurde in der N\u00e4he eines T\u00fcmpels in Klein Upahl gefunden. <\/p>\n<p>RTL<\/p>\n<p class=\"AnnotatedMarkup_paragraph__IUT9l\">Eigentlich waren die Ermittler schon wieder abger\u00fcckt, nachdem sie am Dienstag rund um den Fundort nach Hinweisen gesucht hatten. Am Freitagmorgen (17. Oktober) sind die Ermittler aber pl\u00f6tzlich wieder vor Ort. Der T\u00fcmpel, an dem der tote Fabian lag, wird von der Feuerwehr leer gepumpt. Die Einsatzkr\u00e4fte s\u00e4gen nach RTL-Informationen auch das Gestr\u00fcpp rundherum weg und in einem nahegelegenen Waldst\u00fcck gr\u00e4bt die Polizei.<\/p>\n<p>01:20 min<\/p>\n<p>Polizei geht von Gewaltverbrechen aus<\/p>\n<p>In diesem Waldst\u00fcck fanden sie Fabians (\u20208) Leiche<\/p>\n<p>Ermittler suchen am Freitag wieder am Leichenfundort in Klein Upahl <\/p>\n<p class=\"AnnotatedMarkup_paragraph__IUT9l\">Im Zuge der Ermittlungen h\u00e4tten sich Erkenntnisse ergeben, dass \u201evielleicht noch Bezugsgegenst\u00e4nde auffindbar sind\u201c, sagt der Rostocker Staatsanwalt Harald Nowack. \u201eBis gestern war es nicht absehbar und jetzt hat sich das ge\u00e4ndert.\u201c Zur Art der m\u00f6glicherweise noch auffindbaren Gegenst\u00e4nde macht er keine genaueren Angaben.<\/p>\n<p class=\"AnnotatedMarkup_paragraph__IUT9l\"><a href=\"https:\/\/www.rtl.de\/news\/vermisster-fabian-8-aus-guestrow-ist-tot-was-ist-passiert-das-ist-aktuell-ueber-den-fall-bekannt-id6799289.html\" target=\"_self\" rel=\"noopener\">Zu vielen Details wollen sich die Beamten bisher nicht \u00e4u\u00dfern, um die Ermittlungen nicht zu gef\u00e4hrden.<\/a> Wer auch immer f\u00fcr den Tod des Achtj\u00e4hrigen aus G\u00fcstrow verantwortlich ist, l\u00e4uft noch immer frei herum. Es gibt keinen offiziellen Tatverd\u00e4chtigen.<\/p>\n<p class=\"AnnotatedMarkup_paragraph__IUT9l\"><strong>Lese-Tipp: <\/strong><a href=\"https:\/\/www.rtl.de\/news\/fabian-8-aus-guestrow-mutter-meldet-sich-nach-brisanter-enthuellung-da-stimmt-doch-was-nicht-id6807769.html\" target=\"_self\" rel=\"noopener\">Fabians (\u20208) Mutter meldet sich nach brisanter Enth\u00fcllung<\/a><\/p>\n<p><img alt=\"Verkohlte Grasb\u00fcschel in Klein Upahl \" loading=\"lazy\" width=\"940\" height=\"529\" decoding=\"async\" data-nimg=\"1\" class=\"Image_image__SdgLQ Picture_image__vGN9W\" style=\"color:transparent\"   src=\"https:\/\/www.europesays.com\/de\/wp-content\/uploads\/2025\/10\/img_3860.webp.webp\"\/><\/p>\n<p>An der Stelle, wo Fabians Leiche entdeckt wurde, sind mehrere Grasb\u00fcschel schwarz verkohlt. <\/p>\n<p>RTL <\/p>\n<p class=\"AnnotatedMarkup_paragraph__IUT9l\"><a href=\"https:\/\/www.rtl.de\/news\/fabian-8-aus-guestrow-ist-tot-ausgerechnet-sie-fand-seine-leiche-id6807600.html\" target=\"_self\" rel=\"noopener\">Nach RTL-Informationen soll die Ex-Freundin von Fabians Papa die Kinderleiche in Klein Upahl entdeckt haben. <\/a>Im Interview erkl\u00e4rt sie, dass sie mit einer Freundin und den Hunden einen Spaziergang gemacht habe, als sie den Horrorfund machte. Auch das hat die Staatsanwaltschaft noch nicht best\u00e4tigt. (mit dpa) <\/p>\n<p class=\"AnnotatedMarkup_paragraph__IUT9l\">Verwendete Quellen: Eigene RTL-Recherchen, dpa <\/p>\n","protected":false},"excerpt":{"rendered":"Vermisster Junge aus G\u00fcstrow wurde get\u00f6tetAm Fundort von Fabians (\u20208) Leiche ist das Gras verbrannt An einem Gew\u00e4sser&hellip;\n","protected":false},"author":2,"featured_media":510577,"comment_status":"","ping_status":"","sticky":false,"template":"","format":"standard","meta":{"footnotes":""},"categories":[2],"tags":[4067,331,338,332,339,29,344,342,343,127102,30,84441,13,125825,1584,584,12250,1351,14,335,329,336,334,341,15,330,337,333,328,327,12,10,8,9,11,340,120],"class_list":{"0":"post-510576","1":"post","2":"type-post","3":"status-publish","4":"format-standard","5":"has-post-thumbnail","7":"category-deutschland","8":"tag-ermittlungen","9":"tag-aktuelle-nachrichten","10":"tag-aktuelle-nachrichten-auf-einen-blick","11":"tag-aktuelle-news","12":"tag-aktuelle-themen-in-der-welt","13":"tag-deutschland","14":"tag-ems_-news","15":"tag-ems_news_newsausland","16":"tag-ems_news_newsinland","17":"tag-fabian-aus-guestrow","18":"tag-germany","19":"tag-guestrow","20":"tag-headlines","21":"tag-kinderleiche","22":"tag-kriminalitaet","23":"tag-leiche","24":"tag-leichenfund","25":"tag-mecklenburg-vorpommern","26":"tag-nachrichten","27":"tag-nachrichten-aus-aller-welt","28":"tag-nachrichten-deutschland","29":"tag-nachrichten-heute","30":"tag-nachrichten-international","31":"tag-nachrichten-usa","32":"tag-news","33":"tag-news-deutschland","34":"tag-news-heute","35":"tag-news-international","36":"tag-rtl-nachrichten","37":"tag-rtl-news","38":"tag-schlagzeilen","39":"tag-top-news","40":"tag-top-meldungen","41":"tag-topmeldungen","42":"tag-topnews","43":"tag-usa-news","44":"tag-vermisst"},"share_on_mastodon":{"url":"","error":"Validation failed: Text character limit of 500 exceeded"},"_links":{"self":[{"href":"https:\/\/www.europesays.com\/de\/wp-json\/wp\/v2\/posts\/510576","targetHints":{"allow":["GET"]}}],"collection":[{"href":"https:\/\/www.europesays.com\/de\/wp-json\/wp\/v2\/posts"}],"about":[{"href":"https:\/\/www.europesays.com\/de\/wp-json\/wp\/v2\/types\/post"}],"author":[{"embeddable":true,"href":"https:\/\/www.europesays.com\/de\/wp-json\/wp\/v2\/users\/2"}],"replies":[{"embeddable":true,"href":"https:\/\/www.europesays.com\/de\/wp-json\/wp\/v2\/comments?post=510576"}],"version-history":[{"count":0,"href":"https:\/\/www.europesays.com\/de\/wp-json\/wp\/v2\/posts\/510576\/revisions"}],"wp:featuredmedia":[{"embeddable":true,"href":"https:\/\/www.europesays.com\/de\/wp-json\/wp\/v2\/media\/510577"}],"wp:attachment":[{"href":"https:\/\/www.europesays.com\/de\/wp-json\/wp\/v2\/media?parent=510576"}],"wp:term":[{"taxonomy":"category","embeddable":true,"href":"https:\/\/www.europesays.com\/de\/wp-json\/wp\/v2\/categories?post=510576"},{"taxonomy":"post_tag","embeddable":true,"href":"https:\/\/www.europesays.com\/de\/wp-json\/wp\/v2\/tags?post=510576"}],"curies":[{"name":"wp","href":"https:\/\/api.w.org\/{rel}","templated":true}]}}