{"id":510578,"date":"2025-10-19T10:14:11","date_gmt":"2025-10-19T10:14:11","guid":{"rendered":"https:\/\/www.europesays.com\/de\/510578\/"},"modified":"2025-10-19T10:14:11","modified_gmt":"2025-10-19T10:14:11","slug":"raubueberfall-auf-louvre-in-paris-panorama","status":"publish","type":"post","link":"https:\/\/www.europesays.com\/de\/510578\/","title":{"rendered":"Raub\u00fcberfall auf Louvre in Paris &#8211; Panorama"},"content":{"rendered":"<p data-manual=\"paragraph\" data-schema-org-speakable=\"true\" class=\"css-1eosz7k\">Auf das ber\u00fchmte Pariser Museum <a href=\"https:\/\/www.sueddeutsche.de\/thema\/Louvre\" target=\"_blank\" rel=\"noopener\">Louvre<\/a> ist am Morgen bei der \u00d6ffnung ein Raub\u00fcberfall ver\u00fcbt worden. Es habe keine Verletzten gegeben und die Polizei sei im Einsatz, <a href=\"https:\/\/dpaq.de\/2gNfEgX\" target=\"_blank\" rel=\"noopener\">teilte Frankreichs Kulturministerin Rachida Dati mit<\/a>. <a href=\"https:\/\/dpaq.de\/TZN8Kmb\" target=\"_blank\" rel=\"noopener\">Das Museum bleibt heute nach eigenen Angaben aus \u201eau\u00dfergew\u00f6hnlichen Gr\u00fcnden\u201c geschlossen.<\/a><\/p>\n<p data-manual=\"paragraph\" data-schema-org-speakable=\"true\" class=\"css-1eosz7k\"><a href=\"https:\/\/dpaq.de\/HMCZLm7\" target=\"_blank\" rel=\"noopener\">Wie die Zeitung <\/a><a href=\"https:\/\/dpaq.de\/HMCZLm7\" target=\"_blank\" rel=\"noopener\">Le Parisien<\/a><a href=\"https:\/\/dpaq.de\/HMCZLm7\" target=\"_blank\" rel=\"noopener\"> unter Verweis auf die Ermittler berichtete<\/a>, sollen die Diebe neun St\u00fccke aus der Schmucksammlung Napoleons und der Kaiserin erbeutet haben, darunter eine Halskette, eine Brosche und ein Diadem.<\/p>\n<p data-manual=\"paragraph\" data-schema-org-speakable=\"true\" class=\"css-1eosz7k\">Nach ersten Erkenntnissen waren die vollst\u00e4ndig vermummten T\u00e4ter \u00fcber an der zur Seine gelegenen Geb\u00e4udeseite, wo gerade Bauarbeiten stattfinden, in das Museum eingedrungen. Sie sollen dem Bericht zufolge einen Lastenaufzug benutzt haben, um direkt in den gew\u00fcnschten Ausstellungsraum in der Galerie d&#8217;Apollon zu gelangen.<\/p>\n<p data-manual=\"paragraph\" data-schema-org-speakable=\"true\" class=\"css-1eosz7k\">Nachdem die T\u00e4ter die Fenster eingeschlagen h\u00e4tten, seien zwei M\u00e4nner ins Innere eingedrungen, w\u00e4hrend ein dritter drau\u00dfen Wache gestanden h\u00e4tte, berichtete Le Parisien weiter. <a href=\"https:\/\/dpaq.de\/utqhdnJ\" target=\"_blank\" rel=\"noopener\">Wie der Sender Europe 1 meldete<\/a>, soll es sich um zwei bis vier T\u00e4ter gehandelt haben, die mit einem Motorroller in der N\u00e4he des Louvre geparkt haben. Sie sollen die Fenster mit kleinen Kettens\u00e4gen aufgebrochen haben und sich auf der Flucht befinden.<\/p>\n","protected":false},"excerpt":{"rendered":"Auf das ber\u00fchmte Pariser Museum Louvre ist am Morgen bei der \u00d6ffnung ein Raub\u00fcberfall ver\u00fcbt worden. Es habe&hellip;\n","protected":false},"author":2,"featured_media":510579,"comment_status":"","ping_status":"","sticky":false,"template":"","format":"standard","meta":{"footnotes":""},"categories":[5],"tags":[147,156,13,1584,26165,14,15,1974,319,12,149,10,8,9,11],"class_list":{"0":"post-510578","1":"post","2":"type-post","3":"status-publish","4":"format-standard","5":"has-post-thumbnail","7":"category-nachrichten","8":"tag-ausland","9":"tag-frankreich","10":"tag-headlines","11":"tag-kriminalitaet","12":"tag-louvre","13":"tag-nachrichten","14":"tag-news","15":"tag-panorama","16":"tag-paris","17":"tag-schlagzeilen","18":"tag-sueddeutsche-zeitung","19":"tag-top-news","20":"tag-top-meldungen","21":"tag-topmeldungen","22":"tag-topnews"},"share_on_mastodon":{"url":"https:\/\/pubeurope.com\/@de\/115400308712659067","error":""},"_links":{"self":[{"href":"https:\/\/www.europesays.com\/de\/wp-json\/wp\/v2\/posts\/510578","targetHints":{"allow":["GET"]}}],"collection":[{"href":"https:\/\/www.europesays.com\/de\/wp-json\/wp\/v2\/posts"}],"about":[{"href":"https:\/\/www.europesays.com\/de\/wp-json\/wp\/v2\/types\/post"}],"author":[{"embeddable":true,"href":"https:\/\/www.europesays.com\/de\/wp-json\/wp\/v2\/users\/2"}],"replies":[{"embeddable":true,"href":"https:\/\/www.europesays.com\/de\/wp-json\/wp\/v2\/comments?post=510578"}],"version-history":[{"count":0,"href":"https:\/\/www.europesays.com\/de\/wp-json\/wp\/v2\/posts\/510578\/revisions"}],"wp:featuredmedia":[{"embeddable":true,"href":"https:\/\/www.europesays.com\/de\/wp-json\/wp\/v2\/media\/510579"}],"wp:attachment":[{"href":"https:\/\/www.europesays.com\/de\/wp-json\/wp\/v2\/media?parent=510578"}],"wp:term":[{"taxonomy":"category","embeddable":true,"href":"https:\/\/www.europesays.com\/de\/wp-json\/wp\/v2\/categories?post=510578"},{"taxonomy":"post_tag","embeddable":true,"href":"https:\/\/www.europesays.com\/de\/wp-json\/wp\/v2\/tags?post=510578"}],"curies":[{"name":"wp","href":"https:\/\/api.w.org\/{rel}","templated":true}]}}