{"id":510586,"date":"2025-10-19T10:19:13","date_gmt":"2025-10-19T10:19:13","guid":{"rendered":"https:\/\/www.europesays.com\/de\/510586\/"},"modified":"2025-10-19T10:19:13","modified_gmt":"2025-10-19T10:19:13","slug":"braunschweig-fundhund-sorgt-fuer-fuenffachen-flausch-alarm","status":"publish","type":"post","link":"https:\/\/www.europesays.com\/de\/510586\/","title":{"rendered":"Braunschweig: Fundhund sorgt f\u00fcr f\u00fcnffachen Flausch-Alarm!"},"content":{"rendered":"<p>In Braunschweig sorgt eine Fundh\u00fcndin f\u00fcr Aufmerksamkeit. Die kleine Tilly wurde in der Weststadt entdeckt \u2013 allein und ohne Besitzer. Doch daraus hat sich jetzt eine besondere Geschichte entwickelt.<\/p>\n<p>Braunschweig erlebt eine Wendung mit Happy-End-Charakter! Der Tierschutz Braunschweig hat die Geschichte von Tilly dokumentiert und verk\u00fcndet jetzt erfreuliche Nachrichten!<\/p>\n<p> Braunschweig: Gefunden in der Weststadt <\/p>\n<p>Im August war Tilly in der Weststadt aufgetaucht. Von ihrem Besitzer fehlte jede Spur. Der Tierschutz Braunschweig suchte deshalb \u00f6ffentlich nach Hinweisen. \u201eWer vermisst oder kennt diese s\u00fc\u00dfe H\u00fcndin?\u201c<\/p>\n<p><a href=\"https:\/\/www.news38.de\/braunschweig\/article300622266\/naturschauspiel-braunschweig-wald-eicheln-mastjahr-deutlich.html\" rel=\"nofollow noopener\" target=\"_blank\">+++ Naturschauspiel in Braunschweig! Ist es dir auch schon aufgefallen? +++ <\/a><\/p>\n<p>Kurz nach der Aufnahme kam dann aber die \u00dcberraschung! Der Tierschutz Braunschweig stellte n\u00e4mlich Tillys Tr\u00e4chtigkeit fest. Am 3. September kamen demnach \u201ef\u00fcnf gesunde Welpen\u201c zur Welt. Und diese kleinen Fellfreunde suchen jetzt ebenfalls ein neues Zuhause.<\/p>\n<p>   Display content from Instagram   <\/p>\n<p class=\"fd-embed-privacy-content-line1\">An dieser Stelle befindet sich ein externer Inhalt von Instagram der von unserer Redaktion empfohlen wird. Er erg\u00e4nzt den Artikel und kann mit einem Klick angezeigt und wieder ausgeblendet werden.<\/p>\n<p class=\"fd-embed-privacy-content-line2\">Ich bin damit einverstanden, dass mir dieser externe Inhalt angezeigt wird. Es k\u00f6nnen dabei personenbezogene Daten an den Anbieter des Inhalts und Drittdienste \u00fcbermittelt werden.<\/p>\n<p>Tilly ist ein Mischling aus dem Ausland. \u00dcber den Vater gibt es nur Vermutungen. \u201eWas die kleinen Mischlinge einmal werden m\u00f6chten, k\u00f6nnen wir gar nicht sagen\u201c, so die Einrichtung. \u201eVon der Optik her k\u00f6nnte er eventuell ein Border Collie oder Australian Shepherd gewesen sein\u201c, hei\u00dft es weiter.<\/p>\n<p>Mehr News:<\/p>\n<p>Das Tierheim Braunschweig nimmt ab sofort Anfragen entgegen. Besuchstermine sind m\u00f6glich. Die Abgabe der Welpen ist circa Mitte November geplant. \u201eWer sich f\u00fcr einen Welpen interessiert, schreibt uns bitte eine Mail mit einer kleinen Beschreibung seiner Lebensumst\u00e4nde an: <a href=\"https:\/\/www.news38.de\/braunschweig\/article300624925\/mailto:tierschutz-bs@t-online.de\" target=\"_blank\" rel=\"noreferrer noopener nofollow\">tierschutz-bs@t-online.de<\/a>\u201e, schreibt der Tierschutz. <\/p>\n","protected":false},"excerpt":{"rendered":"In Braunschweig sorgt eine Fundh\u00fcndin f\u00fcr Aufmerksamkeit. Die kleine Tilly wurde in der Weststadt entdeckt \u2013 allein und&hellip;\n","protected":false},"author":2,"featured_media":510587,"comment_status":"","ping_status":"","sticky":false,"template":"","format":"standard","meta":{"footnotes":""},"categories":[1850],"tags":[6429,3364,29,548,663,3934,30,13,14,15,1411,12],"class_list":{"0":"post-510586","1":"post","2":"type-post","3":"status-publish","4":"format-standard","5":"has-post-thumbnail","7":"category-braunschweig","8":"tag-braunschweig","9":"tag-de","10":"tag-deutschland","11":"tag-eu","12":"tag-europa","13":"tag-europe","14":"tag-germany","15":"tag-headlines","16":"tag-nachrichten","17":"tag-news","18":"tag-niedersachsen","19":"tag-schlagzeilen"},"share_on_mastodon":{"url":"","error":""},"_links":{"self":[{"href":"https:\/\/www.europesays.com\/de\/wp-json\/wp\/v2\/posts\/510586","targetHints":{"allow":["GET"]}}],"collection":[{"href":"https:\/\/www.europesays.com\/de\/wp-json\/wp\/v2\/posts"}],"about":[{"href":"https:\/\/www.europesays.com\/de\/wp-json\/wp\/v2\/types\/post"}],"author":[{"embeddable":true,"href":"https:\/\/www.europesays.com\/de\/wp-json\/wp\/v2\/users\/2"}],"replies":[{"embeddable":true,"href":"https:\/\/www.europesays.com\/de\/wp-json\/wp\/v2\/comments?post=510586"}],"version-history":[{"count":0,"href":"https:\/\/www.europesays.com\/de\/wp-json\/wp\/v2\/posts\/510586\/revisions"}],"wp:featuredmedia":[{"embeddable":true,"href":"https:\/\/www.europesays.com\/de\/wp-json\/wp\/v2\/media\/510587"}],"wp:attachment":[{"href":"https:\/\/www.europesays.com\/de\/wp-json\/wp\/v2\/media?parent=510586"}],"wp:term":[{"taxonomy":"category","embeddable":true,"href":"https:\/\/www.europesays.com\/de\/wp-json\/wp\/v2\/categories?post=510586"},{"taxonomy":"post_tag","embeddable":true,"href":"https:\/\/www.europesays.com\/de\/wp-json\/wp\/v2\/tags?post=510586"}],"curies":[{"name":"wp","href":"https:\/\/api.w.org\/{rel}","templated":true}]}}