{"id":510588,"date":"2025-10-19T10:20:12","date_gmt":"2025-10-19T10:20:12","guid":{"rendered":"https:\/\/www.europesays.com\/de\/510588\/"},"modified":"2025-10-19T10:20:12","modified_gmt":"2025-10-19T10:20:12","slug":"borussia-moenchengladbach-nico-elvedi-jetzt-rekord-schweizer-der-bundesliga-sport","status":"publish","type":"post","link":"https:\/\/www.europesays.com\/de\/510588\/","title":{"rendered":"Borussia M\u00f6nchengladbach: Nico Elvedi jetzt Rekord-Schweizer der Bundesliga | Sport"},"content":{"rendered":"<p><b>Die Jubil\u00e4ums-Partie z\u00e4hlte sicher nicht zu seinen besten Spielen in der Bundesliga&#8230;<\/b><\/p>\n<p>Bei der 1:3-Pleite am Freitag bei Union Berlin lie\u00df sich Nico Elvedi (29) besonders in der ersten Halbzeit das ein oder andere Mal von Union-Angreifer Ilyas Ansah (20) d\u00fcpieren. Auch vor dem 0:2 sah Gladbachs Abwehrchef im direkten Duell ziemlich alt aus.<\/p>\n<p>Bayern zu Gespr\u00e4chen bereit: T\u00fcrkei-Klub will Goretzka!<a class=\"anchor video-teaser__anchor\" href=\"https:\/\/www.bild.de\/sport\/fussball\/bayern-zu-gespraechen-bereit-tuerkei-klub-will-diesen-bayern-star-68f3a2f57e2d7167e63ba3b6\" target=\"_blank\" rel=\"noopener\"><img decoding=\"async\" width=\"992\" height=\"558\" alt=\"Teaser-Bild\" src=\"https:\/\/www.europesays.com\/de\/wp-content\/uploads\/2025\/10\/f5afb1a30308c632e79772454c170935-landscape,cbe60321\"   class=\"landscape teaser__image\" loading=\"lazy\"\/><\/a><\/p>\n<p>Quelle: BILD18.10.2025<\/p>\n<p><b>Elvedi gewann insgesamt nur 53,3 Prozent seiner Duelle \u2013 f\u00fcr den ansonsten so zuverl\u00e4ssigen Verteidiger eine unterdurchschnittliche Quote.<\/b><\/p>\n<p>Trainer Eugen Polanski (39) nach der Niederlage: \u201eIn der Anfangsphase\u00a0 haben wir das Spiel mehr oder wenig hergeschenkt. Beim ersten Gegentor haben wir uns viel zu naiv gezeigt. Danach sind wir trotz des zweiten Gegentreffers, bei dem wir uns auch nicht gut angestellt haben, viel besser ins Spiel gekommen.\u201d<\/p>\n<p>Mehr zum Thema<\/p>\n<p><b>Durch seinen 292. Bundesliga-Einsatz sicherte sich Elvedi einen weiteren Rekord: Er ist nun der Schweizer mit den meisten Eins\u00e4tzen in Deutschlands Eliteklasse \u2013 er \u00fcberholte seinen ehemaligen Mitspieler Yann Sommer (36), der auf 291 <\/b><a href=\"https:\/\/www.bild.de\/sport\/fussball\/bundesliga\/bundesliga-startseite-52368768.bild.html\" class=\"text-link\" target=\"_blank\" rel=\"noopener\"><b>Bundesliga<\/b><\/a><b>-Eins\u00e4tze gekommen war.<\/b><\/p>\n<p>Elvedi hatte Sommer (der auch noch 19 Erstliga-Spiele f\u00fcr die Bayern bestritten hatte) bereits den Titel als <a href=\"https:\/\/www.bild.de\/sport\/fussball\/borussia-moenchengladbach\/startseite-borussia-moenchengladbach-31074418.bild.html\" class=\"text-link\" target=\"_blank\" rel=\"noopener\">Gladbachs<\/a> Rekord-Ausl\u00e4nder abgekn\u00f6pft.<\/p>\n<p><b>Interessant: Nur nach Spielminuten betrachtet, ist Sommer weiterhin der Schweizer mit der meisten Einsatzzeit. Der Torh\u00fcter kam in seinen 291 Spielen auf 26.190 Minuten, Elvedi bei seinen 292 Spielen \u201enur\u201c auf 25.938 Minuten.<\/b><\/p>\n<p>Die 15 Rekord-Schweizer der Bundesliga<\/p>\n<ul class=\"unordered-list\">\n<li>1. Nico Elvedi 292 Spiele<\/li>\n<li>2. Yann Sommer 291 Spiele<\/li>\n<li>3. Ciriaco Sforza 265 Spiele<\/li>\n<li>4. Pirmin Schwegler 262 Spiele<\/li>\n<li>5. Tranquillo Barnetta 260 Spiele<\/li>\n<li>6. Diego Benaglio 259 Spiele<\/li>\n<li>7. St\u00e9phane Chapuisat 228 Spiele<\/li>\n<li>8. Fabian Lustenberger 220 Spiele<\/li>\n<li>9. Raphael Wicky 218 Spiele<\/li>\n<li>10. Roman B\u00fcrki 210 Spiele<\/li>\n<li>11. Admir Mehmedi 193 Spiele<\/li>\n<li>12. Marwin Hitz 181 Spiele<\/li>\n<li>13. Granit Xhaka 174 Spiele<\/li>\n<li>14. Gregor Kobel 172 Spiele<\/li>\n<li>15. Rub\u00e9n Vargas 154 Spiele<\/li>\n<\/ul>\n","protected":false},"excerpt":{"rendered":"Die Jubil\u00e4ums-Partie z\u00e4hlte sicher nicht zu seinen besten Spielen in der Bundesliga&#8230; Bei der 1:3-Pleite am Freitag bei&hellip;\n","protected":false},"author":2,"featured_media":510589,"comment_status":"","ping_status":"","sticky":false,"template":"","format":"standard","meta":{"footnotes":""},"categories":[1849],"tags":[815,3364,29,69832,538,548,663,3934,30,13,4455,14,15,1209,12,817,54120,819,45,81314],"class_list":{"0":"post-510588","1":"post","2":"type-post","3":"status-publish","4":"format-standard","5":"has-post-thumbnail","7":"category-moenchengladbach","8":"tag-borussia-moenchengladbach","9":"tag-de","10":"tag-deutschland","11":"tag-elvedi-nico","12":"tag-erste-bundesliga","13":"tag-eu","14":"tag-europa","15":"tag-europe","16":"tag-germany","17":"tag-headlines","18":"tag-moenchengladbach","19":"tag-nachrichten","20":"tag-news","21":"tag-nordrhein-westfalen","22":"tag-schlagzeilen","23":"tag-seoane-gerardo","24":"tag-sommer-yann","25":"tag-sport-leuchtturm-essen","26":"tag-texttospeech","27":"tag-xhaka-granit"},"share_on_mastodon":{"url":"https:\/\/pubeurope.com\/@de\/115400332681580622","error":""},"_links":{"self":[{"href":"https:\/\/www.europesays.com\/de\/wp-json\/wp\/v2\/posts\/510588","targetHints":{"allow":["GET"]}}],"collection":[{"href":"https:\/\/www.europesays.com\/de\/wp-json\/wp\/v2\/posts"}],"about":[{"href":"https:\/\/www.europesays.com\/de\/wp-json\/wp\/v2\/types\/post"}],"author":[{"embeddable":true,"href":"https:\/\/www.europesays.com\/de\/wp-json\/wp\/v2\/users\/2"}],"replies":[{"embeddable":true,"href":"https:\/\/www.europesays.com\/de\/wp-json\/wp\/v2\/comments?post=510588"}],"version-history":[{"count":0,"href":"https:\/\/www.europesays.com\/de\/wp-json\/wp\/v2\/posts\/510588\/revisions"}],"wp:featuredmedia":[{"embeddable":true,"href":"https:\/\/www.europesays.com\/de\/wp-json\/wp\/v2\/media\/510589"}],"wp:attachment":[{"href":"https:\/\/www.europesays.com\/de\/wp-json\/wp\/v2\/media?parent=510588"}],"wp:term":[{"taxonomy":"category","embeddable":true,"href":"https:\/\/www.europesays.com\/de\/wp-json\/wp\/v2\/categories?post=510588"},{"taxonomy":"post_tag","embeddable":true,"href":"https:\/\/www.europesays.com\/de\/wp-json\/wp\/v2\/tags?post=510588"}],"curies":[{"name":"wp","href":"https:\/\/api.w.org\/{rel}","templated":true}]}}