{"id":510598,"date":"2025-10-19T10:26:17","date_gmt":"2025-10-19T10:26:17","guid":{"rendered":"https:\/\/www.europesays.com\/de\/510598\/"},"modified":"2025-10-19T10:26:17","modified_gmt":"2025-10-19T10:26:17","slug":"derby-zwischen-karlsruhe-und-kaiserlautern-von-gewalt-ueberschattet-ausschreitungen-mit-verletzten-und-massiver-polizeieinsatz","status":"publish","type":"post","link":"https:\/\/www.europesays.com\/de\/510598\/","title":{"rendered":"Derby zwischen Karlsruhe und Kaiserlautern von Gewalt \u00fcberschattet: Ausschreitungen mit Verletzten und massiver Polizeieinsatz"},"content":{"rendered":"<p>Nach dem brisanten Hochsicherheitsspiel zwischen KSC und FCK gehen Fans massiv aufeinander los. <\/p>\n<p>Nach dem S\u00fcdwest-Derby zwischen dem Karlsruher SC und dem 1. FC Kaiserslautern in der 2. Bundesliga ist es am Samstagnachmittag zu Ausschreitungen gekommen. Wie die Polizei Karlsruhe mitteilte, wurden dabei mehrere Ordnungskr\u00e4fte verletzt. An den Ausschreitungen im Bereich des Fanblocks der G\u00e4ste waren Anh\u00e4nger beider Vereine beteiligt. Mehrere Personen wurden vorl\u00e4ufig festgenommen.<\/p>\n","protected":false},"excerpt":{"rendered":"Nach dem brisanten Hochsicherheitsspiel zwischen KSC und FCK gehen Fans massiv aufeinander los. Nach dem S\u00fcdwest-Derby zwischen dem&hellip;\n","protected":false},"author":2,"featured_media":510599,"comment_status":"","ping_status":"","sticky":false,"template":"","format":"standard","meta":{"footnotes":""},"categories":[1844],"tags":[621,1634,3364,29,8468,347,30,15352,8903,3850,127103,4604],"class_list":{"0":"post-510598","1":"post","2":"type-post","3":"status-publish","4":"format-standard","5":"has-post-thumbnail","7":"category-karlsruhe","8":"tag-2-bundesliga","9":"tag-baden-wuerttemberg","10":"tag-de","11":"tag-deutschland","12":"tag-deutschland-2-bundesliga","13":"tag-fussball","14":"tag-germany","15":"tag-kaiserslautern","16":"tag-karlsruhe","17":"tag-karlsruher-sc","18":"tag-karlsruher-sc-vs-kaiserslautern","19":"tag-soccer"},"share_on_mastodon":{"url":"https:\/\/pubeurope.com\/@de\/115400355814764718","error":""},"_links":{"self":[{"href":"https:\/\/www.europesays.com\/de\/wp-json\/wp\/v2\/posts\/510598","targetHints":{"allow":["GET"]}}],"collection":[{"href":"https:\/\/www.europesays.com\/de\/wp-json\/wp\/v2\/posts"}],"about":[{"href":"https:\/\/www.europesays.com\/de\/wp-json\/wp\/v2\/types\/post"}],"author":[{"embeddable":true,"href":"https:\/\/www.europesays.com\/de\/wp-json\/wp\/v2\/users\/2"}],"replies":[{"embeddable":true,"href":"https:\/\/www.europesays.com\/de\/wp-json\/wp\/v2\/comments?post=510598"}],"version-history":[{"count":0,"href":"https:\/\/www.europesays.com\/de\/wp-json\/wp\/v2\/posts\/510598\/revisions"}],"wp:featuredmedia":[{"embeddable":true,"href":"https:\/\/www.europesays.com\/de\/wp-json\/wp\/v2\/media\/510599"}],"wp:attachment":[{"href":"https:\/\/www.europesays.com\/de\/wp-json\/wp\/v2\/media?parent=510598"}],"wp:term":[{"taxonomy":"category","embeddable":true,"href":"https:\/\/www.europesays.com\/de\/wp-json\/wp\/v2\/categories?post=510598"},{"taxonomy":"post_tag","embeddable":true,"href":"https:\/\/www.europesays.com\/de\/wp-json\/wp\/v2\/tags?post=510598"}],"curies":[{"name":"wp","href":"https:\/\/api.w.org\/{rel}","templated":true}]}}