{"id":510602,"date":"2025-10-19T10:28:10","date_gmt":"2025-10-19T10:28:10","guid":{"rendered":"https:\/\/www.europesays.com\/de\/510602\/"},"modified":"2025-10-19T10:28:10","modified_gmt":"2025-10-19T10:28:10","slug":"deutscher-botschafter-verlaesst-voruebergehend-georgien","status":"publish","type":"post","link":"https:\/\/www.europesays.com\/de\/510602\/","title":{"rendered":"Deutscher Botschafter verl\u00e4sst vor\u00fcbergehend Georgien"},"content":{"rendered":"<p>Berlin\/Tiflis (dpa) &#8211; Die Bundesregierung ruft ihren Botschafter in Georgien, Peter Fischer, vor\u00fcbergehend nach Deutschland zur\u00fcck. Wie das Ausw\u00e4rtige Amt auf X mitteilte, wurde Fischer zu Konsultationen zur\u00fcckgerufen, um \u00fcber das weitere Vorgehen zu beraten. Das Ausw\u00e4rtige Amt warf der georgischen Regierung vor, seit Monaten gegen die EU, Deutschland und auch den Botschafter pers\u00f6nlich zu hetzen.\u00a0<\/p>\n<p>Bereits vor gut zwei Wochen hatte das Ausw\u00e4rtige Amt bei der Gesch\u00e4ftstr\u00e4gerin der Botschaft Georgiens in Berlin gegen den Umgang mit dem deutschen Botschafter protestiert. Regierungschef Irakli Kobachidse hatte Fischer Einmischung in die inneren Angelegenheiten des Landes vorgeworfen. Hintergrund war die wiederholte \u00f6ffentliche Kritik des Diplomaten an einem autorit\u00e4ren Kurs der georgischen Regierung. Nicht zuletzt zog der Diplomat durch den Besuch von Gerichtsverhandlungen gegen Oppositionelle \u00c4rger auf sich. Fischer war vom Au\u00dfenministerium in der Hauptstadt Tiflis (Tbilissi) deshalb Ende September auch einbestellt worden.\u00a0<\/p>\n<p>Georgische Regierung wendet sich von EU ab<\/p>\n<p>Im Herbst 2024 hatte sich die Regierungspartei Georgischer Traum nach der umstrittenen Parlamentswahl zur Siegerin erkl\u00e4rt. Als Kobachidse dann auch noch die in der georgischen Verfassung verankerte EU-Ann\u00e4herung aussetzte, gab es wochenlang Massendemonstrationen vor allem in Tiflis, aber auch in anderen St\u00e4dten.<\/p>\n","protected":false},"excerpt":{"rendered":"Berlin\/Tiflis (dpa) &#8211; Die Bundesregierung ruft ihren Botschafter in Georgien, Peter Fischer, vor\u00fcbergehend nach Deutschland zur\u00fcck. Wie das&hellip;\n","protected":false},"author":2,"featured_media":510603,"comment_status":"","ping_status":"","sticky":false,"template":"","format":"standard","meta":{"footnotes":""},"categories":[1843],"tags":[1173,3364,29,508,13538,30,8970,1209],"class_list":{"0":"post-510602","1":"post","2":"type-post","3":"status-publish","4":"format-standard","5":"has-post-thumbnail","7":"category-muenster","8":"tag-bundesregierung","9":"tag-de","10":"tag-deutschland","11":"tag-diplomatie","12":"tag-georgien","13":"tag-germany","14":"tag-muenster","15":"tag-nordrhein-westfalen"},"share_on_mastodon":{"url":"https:\/\/pubeurope.com\/@de\/115400363853418472","error":""},"_links":{"self":[{"href":"https:\/\/www.europesays.com\/de\/wp-json\/wp\/v2\/posts\/510602","targetHints":{"allow":["GET"]}}],"collection":[{"href":"https:\/\/www.europesays.com\/de\/wp-json\/wp\/v2\/posts"}],"about":[{"href":"https:\/\/www.europesays.com\/de\/wp-json\/wp\/v2\/types\/post"}],"author":[{"embeddable":true,"href":"https:\/\/www.europesays.com\/de\/wp-json\/wp\/v2\/users\/2"}],"replies":[{"embeddable":true,"href":"https:\/\/www.europesays.com\/de\/wp-json\/wp\/v2\/comments?post=510602"}],"version-history":[{"count":0,"href":"https:\/\/www.europesays.com\/de\/wp-json\/wp\/v2\/posts\/510602\/revisions"}],"wp:featuredmedia":[{"embeddable":true,"href":"https:\/\/www.europesays.com\/de\/wp-json\/wp\/v2\/media\/510603"}],"wp:attachment":[{"href":"https:\/\/www.europesays.com\/de\/wp-json\/wp\/v2\/media?parent=510602"}],"wp:term":[{"taxonomy":"category","embeddable":true,"href":"https:\/\/www.europesays.com\/de\/wp-json\/wp\/v2\/categories?post=510602"},{"taxonomy":"post_tag","embeddable":true,"href":"https:\/\/www.europesays.com\/de\/wp-json\/wp\/v2\/tags?post=510602"}],"curies":[{"name":"wp","href":"https:\/\/api.w.org\/{rel}","templated":true}]}}