{"id":510607,"date":"2025-10-19T10:31:13","date_gmt":"2025-10-19T10:31:13","guid":{"rendered":"https:\/\/www.europesays.com\/de\/510607\/"},"modified":"2025-10-19T10:31:13","modified_gmt":"2025-10-19T10:31:13","slug":"unfall-in-oberbarmen-auto-landet-auf-dem-dach","status":"publish","type":"post","link":"https:\/\/www.europesays.com\/de\/510607\/","title":{"rendered":"Unfall in Oberbarmen: Auto landet auf dem Dach"},"content":{"rendered":"<p class=\"small date article__date\">Ver\u00f6ffentlicht:\u00a0Sonntag, 19.10.2025 12:03<\/p>\n<p>Laut Polizei hatte gestern Nachmittag (18.10.) ein 68-J\u00e4hriger auf der Stra\u00dfe Am Diek die Kontrolle \u00fcber sein Auto verloren. Demnach kam er von der Fahrbahn ab, stie\u00df gegen ein geparktes Fahrzeug und landete mit seinem PKW auf dem Dach. Einsatzkr\u00e4fte halfen dem Mann vor Ort, sich aus dem Auto zu befreien. Er kam leicht verletzt in ein Krankenhaus. Der Sachschaden liegt bei rund 15.000 Euro.<\/p>\n<p><img decoding=\"async\" alt=\"\" src=\"https:\/\/www.europesays.com\/de\/wp-content\/uploads\/2025\/10\/img_4482.jpg&#038;crop=0x0x5472x3420&#038;resize=1280x800&#038;dt=202510191209560.jpeg\" data-size=\"1280x800\"\/>\u00a9 Florian Schmidt<\/p>\n","protected":false},"excerpt":{"rendered":"Ver\u00f6ffentlicht:\u00a0Sonntag, 19.10.2025 12:03 Laut Polizei hatte gestern Nachmittag (18.10.) ein 68-J\u00e4hriger auf der Stra\u00dfe Am Diek die Kontrolle&hellip;\n","protected":false},"author":2,"featured_media":510608,"comment_status":"","ping_status":"","sticky":false,"template":"","format":"standard","meta":{"footnotes":""},"categories":[1840],"tags":[3275,1950,3364,29,30,3676,1209,4418],"class_list":{"0":"post-510607","1":"post","2":"type-post","3":"status-publish","4":"format-standard","5":"has-post-thumbnail","7":"category-wuppertal","8":"tag-lokalnachrichten","9":"tag-blaulicht","10":"tag-de","11":"tag-deutschland","12":"tag-germany","13":"tag-mediathek","14":"tag-nordrhein-westfalen","15":"tag-wuppertal"},"share_on_mastodon":{"url":"https:\/\/pubeurope.com\/@de\/115400375995894442","error":""},"_links":{"self":[{"href":"https:\/\/www.europesays.com\/de\/wp-json\/wp\/v2\/posts\/510607","targetHints":{"allow":["GET"]}}],"collection":[{"href":"https:\/\/www.europesays.com\/de\/wp-json\/wp\/v2\/posts"}],"about":[{"href":"https:\/\/www.europesays.com\/de\/wp-json\/wp\/v2\/types\/post"}],"author":[{"embeddable":true,"href":"https:\/\/www.europesays.com\/de\/wp-json\/wp\/v2\/users\/2"}],"replies":[{"embeddable":true,"href":"https:\/\/www.europesays.com\/de\/wp-json\/wp\/v2\/comments?post=510607"}],"version-history":[{"count":0,"href":"https:\/\/www.europesays.com\/de\/wp-json\/wp\/v2\/posts\/510607\/revisions"}],"wp:featuredmedia":[{"embeddable":true,"href":"https:\/\/www.europesays.com\/de\/wp-json\/wp\/v2\/media\/510608"}],"wp:attachment":[{"href":"https:\/\/www.europesays.com\/de\/wp-json\/wp\/v2\/media?parent=510607"}],"wp:term":[{"taxonomy":"category","embeddable":true,"href":"https:\/\/www.europesays.com\/de\/wp-json\/wp\/v2\/categories?post=510607"},{"taxonomy":"post_tag","embeddable":true,"href":"https:\/\/www.europesays.com\/de\/wp-json\/wp\/v2\/tags?post=510607"}],"curies":[{"name":"wp","href":"https:\/\/api.w.org\/{rel}","templated":true}]}}