{"id":510616,"date":"2025-10-19T10:36:16","date_gmt":"2025-10-19T10:36:16","guid":{"rendered":"https:\/\/www.europesays.com\/de\/510616\/"},"modified":"2025-10-19T10:36:16","modified_gmt":"2025-10-19T10:36:16","slug":"bericht-ueber-hilfe-fuer-die-ukraine","status":"publish","type":"post","link":"https:\/\/www.europesays.com\/de\/510616\/","title":{"rendered":"Bericht \u00fcber Hilfe f\u00fcr die Ukraine"},"content":{"rendered":"<p class=\"text_ohne_einzug richtext text-em-55 !leading-serif mx-6 desktop:mx-0\">Bei einem Treffen mit B\u00fcrgermeisterin Sabine Anem\u00fcller, dem Verein Freunde von Kanew und engagierten Helfern schilderte Halyna Moskalenko, stellvertretende B\u00fcrgermeisterin von Kanew, welche Hilfe im Moment besonders ben\u00f6tigt wird. Der regelm\u00e4\u00dfige Austausch festigt nicht nur die seit 1993 bestehende Verbindung, er sorgt auch daf\u00fcr, dass die Hilfe aus <a href=\"https:\/\/rp-online.de\/thema\/viersen\/\" target=\"_blank\" rel=\"noopener\">Viersen<\/a> zielgerichtet in der ukrainischen Partnerstadt ankommt. Moskalenko berichtete jetzt in Viersen von den Auswirkungen der j\u00fcngsten russischen Angriffe und die unmittelbaren Folgen f\u00fcr die Menschen in Kanew.<\/p>\n","protected":false},"excerpt":{"rendered":"Bei einem Treffen mit B\u00fcrgermeisterin Sabine Anem\u00fcller, dem Verein Freunde von Kanew und engagierten Helfern schilderte Halyna Moskalenko,&hellip;\n","protected":false},"author":2,"featured_media":510617,"comment_status":"","ping_status":"","sticky":false,"template":"","format":"standard","meta":{"footnotes":""},"categories":[4012],"tags":[331,332,35207,14627,127108,13,2917,127106,127107,14,15,6061,12,317,10434,18183,26665],"class_list":{"0":"post-510616","1":"post","2":"type-post","3":"status-publish","4":"format-standard","5":"has-post-thumbnail","7":"category-ukraine","8":"tag-aktuelle-nachrichten","9":"tag-aktuelle-news","10":"tag-buergermeisterin","11":"tag-freunde","12":"tag-halyna","13":"tag-headlines","14":"tag-hilfe","15":"tag-kanew","16":"tag-moskalenko","17":"tag-nachrichten","18":"tag-news","19":"tag-partnerstadt","20":"tag-schlagzeilen","21":"tag-ukraine","22":"tag-verein","23":"tag-viersen","24":"tag-viersens"},"share_on_mastodon":{"url":"https:\/\/pubeurope.com\/@de\/115400394999611265","error":""},"_links":{"self":[{"href":"https:\/\/www.europesays.com\/de\/wp-json\/wp\/v2\/posts\/510616","targetHints":{"allow":["GET"]}}],"collection":[{"href":"https:\/\/www.europesays.com\/de\/wp-json\/wp\/v2\/posts"}],"about":[{"href":"https:\/\/www.europesays.com\/de\/wp-json\/wp\/v2\/types\/post"}],"author":[{"embeddable":true,"href":"https:\/\/www.europesays.com\/de\/wp-json\/wp\/v2\/users\/2"}],"replies":[{"embeddable":true,"href":"https:\/\/www.europesays.com\/de\/wp-json\/wp\/v2\/comments?post=510616"}],"version-history":[{"count":0,"href":"https:\/\/www.europesays.com\/de\/wp-json\/wp\/v2\/posts\/510616\/revisions"}],"wp:featuredmedia":[{"embeddable":true,"href":"https:\/\/www.europesays.com\/de\/wp-json\/wp\/v2\/media\/510617"}],"wp:attachment":[{"href":"https:\/\/www.europesays.com\/de\/wp-json\/wp\/v2\/media?parent=510616"}],"wp:term":[{"taxonomy":"category","embeddable":true,"href":"https:\/\/www.europesays.com\/de\/wp-json\/wp\/v2\/categories?post=510616"},{"taxonomy":"post_tag","embeddable":true,"href":"https:\/\/www.europesays.com\/de\/wp-json\/wp\/v2\/tags?post=510616"}],"curies":[{"name":"wp","href":"https:\/\/api.w.org\/{rel}","templated":true}]}}