{"id":510630,"date":"2025-10-19T10:43:13","date_gmt":"2025-10-19T10:43:13","guid":{"rendered":"https:\/\/www.europesays.com\/de\/510630\/"},"modified":"2025-10-19T10:43:13","modified_gmt":"2025-10-19T10:43:13","slug":"raubueberfall-auf-pariser-louvre-offenbar-schmuck-gestohlen","status":"publish","type":"post","link":"https:\/\/www.europesays.com\/de\/510630\/","title":{"rendered":"Raub\u00fcberfall auf Pariser Louvre &#8211; offenbar Schmuck gestohlen"},"content":{"rendered":"<p>            <img loading=\"lazy\" decoding=\"async\" class=\"ts-image\" src=\"https:\/\/www.europesays.com\/de\/wp-content\/uploads\/2025\/10\/louvre-raub-100.jpg\" alt=\"Polizisten stehen neben einem M\u00f6belaufzug, mit dem Einbrecher in das Louvre-Museum eindrangen. \" title=\"Polizisten stehen neben einem M\u00f6belaufzug, mit dem Einbrecher in das Louvre-Museum eindrangen.  | AFP\"\/><\/p>\n<p>                    <strong>eilmeldung<\/strong><\/p>\n<p class=\"metatextline\">Stand: 19.10.2025 12:15 Uhr<\/p>\n<p class=\"textabsatz columns twelve  m-ten  m-offset-one l-eight l-offset-two\">\n        <strong>Auf den ber\u00fchmten Pariser Louvre ist am Morgen ein Raub\u00fcberfall ver\u00fcbt worden. Die R\u00e4uber erbeuteten offenbar Schmuck aus der Kollektion von Napoleon. Die Ermittlungen laufen noch. <\/strong>\n    <\/p>\n<p class=\"textabsatz m-ten m-offset-one l-eight l-offset-two columns twelve\">Unbekannte sollen am Morgen das weltber\u00fchmte Museum Louvre in Paris \u00fcberfallen haben. Es habe keine Verletzten gegeben, teilte die franz\u00f6sische Kulturministerin Rachida Dati mit. Die Ermittlungen laufen noch. Weitere Angaben zum Tathergang oder oder was genau gestohlen wurde, machte die Ministerin nicht. Das Museum bleibt heute nach eigenen Angaben geschlossen.<\/p>\n<p class=\"textabsatz m-ten m-offset-one l-eight l-offset-two columns twelve\">Einem Bericht von Le Parisien zufolge sollen die T\u00e4ter das Geb\u00e4ude auf der Seite der Seine betreten haben. Dort finden derzeit Bauarbeiten statt. Sie gelangten demnach \u00fcber einen Lastenaufzug direkt in einen Raum in der Galerie d&#8217;Apollon. Nachdem sie der Zeitung zufolge die Scheiben eingeschlagen hatten und w\u00e4hrend ein Komplize Schmiere stand, sollen zwei M\u00e4nner neun St\u00fccke aus der Schmucksammlung Napoleons und der Kaiserin gestohlen haben. Eine offizielle Best\u00e4tigung f\u00fcr die Schilderung gibt es bislang noch nicht.<\/p>\n<p class=\"textabsatz m-ten m-offset-one l-eight l-offset-two columns twelve\">Der Louvre z\u00e4hlt zu den ber\u00fchmtesten Attraktionen der franz\u00f6sischen Hauptstadt.<\/p>\n<p class=\"textabsatz m-ten m-offset-one l-eight l-offset-two columns twelve\">Weitere Informationen in K\u00fcrze.<\/p>\n","protected":false},"excerpt":{"rendered":"eilmeldung Stand: 19.10.2025 12:15 Uhr Auf den ber\u00fchmten Pariser Louvre ist am Morgen ein Raub\u00fcberfall ver\u00fcbt worden. Die&hellip;\n","protected":false},"author":2,"featured_media":510631,"comment_status":"","ping_status":"","sticky":false,"template":"","format":"standard","meta":{"footnotes":""},"categories":[5],"tags":[331,332,3364,29,1764,156,30,13,26165,14,15,319,12],"class_list":{"0":"post-510630","1":"post","2":"type-post","3":"status-publish","4":"format-standard","5":"has-post-thumbnail","7":"category-nachrichten","8":"tag-aktuelle-nachrichten","9":"tag-aktuelle-news","10":"tag-de","11":"tag-deutschland","12":"tag-eilmeldung","13":"tag-frankreich","14":"tag-germany","15":"tag-headlines","16":"tag-louvre","17":"tag-nachrichten","18":"tag-news","19":"tag-paris","20":"tag-schlagzeilen"},"share_on_mastodon":{"url":"https:\/\/pubeurope.com\/@de\/115400423431797317","error":""},"_links":{"self":[{"href":"https:\/\/www.europesays.com\/de\/wp-json\/wp\/v2\/posts\/510630","targetHints":{"allow":["GET"]}}],"collection":[{"href":"https:\/\/www.europesays.com\/de\/wp-json\/wp\/v2\/posts"}],"about":[{"href":"https:\/\/www.europesays.com\/de\/wp-json\/wp\/v2\/types\/post"}],"author":[{"embeddable":true,"href":"https:\/\/www.europesays.com\/de\/wp-json\/wp\/v2\/users\/2"}],"replies":[{"embeddable":true,"href":"https:\/\/www.europesays.com\/de\/wp-json\/wp\/v2\/comments?post=510630"}],"version-history":[{"count":0,"href":"https:\/\/www.europesays.com\/de\/wp-json\/wp\/v2\/posts\/510630\/revisions"}],"wp:featuredmedia":[{"embeddable":true,"href":"https:\/\/www.europesays.com\/de\/wp-json\/wp\/v2\/media\/510631"}],"wp:attachment":[{"href":"https:\/\/www.europesays.com\/de\/wp-json\/wp\/v2\/media?parent=510630"}],"wp:term":[{"taxonomy":"category","embeddable":true,"href":"https:\/\/www.europesays.com\/de\/wp-json\/wp\/v2\/categories?post=510630"},{"taxonomy":"post_tag","embeddable":true,"href":"https:\/\/www.europesays.com\/de\/wp-json\/wp\/v2\/tags?post=510630"}],"curies":[{"name":"wp","href":"https:\/\/api.w.org\/{rel}","templated":true}]}}