{"id":510641,"date":"2025-10-19T10:50:11","date_gmt":"2025-10-19T10:50:11","guid":{"rendered":"https:\/\/www.europesays.com\/de\/510641\/"},"modified":"2025-10-19T10:50:11","modified_gmt":"2025-10-19T10:50:11","slug":"taschendiebstahl-in-fuerth-bettlerin-wird-bei-festnahme-rabiat-regional","status":"publish","type":"post","link":"https:\/\/www.europesays.com\/de\/510641\/","title":{"rendered":"Taschendiebstahl in F\u00fcrth: Bettlerin wird bei Festnahme rabiat | Regional"},"content":{"rendered":"<p>F\u00fcrth \u2013 <b>Ein dreister Taschendiebstahl ersch\u00fctterte am Samstagnachmittag, den 18.10.2025, die Innenstadt von F\u00fcrth.<\/b><\/p>\n<p>Ein 86-j\u00e4hriger Mann wurde gegen 15:00 Uhr in der Bahnunterf\u00fchrung der H\u00f6fener Stra\u00dfe von einer Bettlerin angesprochen. Die 42-j\u00e4hrige Rum\u00e4nin nutzte die Gelegenheit, um ihm die Geldb\u00f6rse aus der Jacke zu stehlen. Der Senior bemerkte den Diebstahl und bat um Hilfe.<\/p>\n<p>Auch interessant<\/p>\n<p>Anzeige<\/p>\n<p>Auch interessant<\/p>\n<p>Anzeige<\/p>\n<p>Ein 42-j\u00e4hriger Passant stellte die mutma\u00dfliche Diebin zur Rede. Obwohl sie das Portemonnaie zur\u00fcckgab, hatte sie das Bargeld bereits entnommen. Auf Aufforderung warf sie das Geld weg und versuchte zu fliehen. Der Passant und seine 46-j\u00e4hrige Frau hielten die Frau fest, bis die Polizei eintraf. Dabei wurde die Diebin aggressiv und biss dem Mann in die Hand.<\/p>\n<p>Die Polizeiinspektion N\u00fcrnberg-West nahm die 42-J\u00e4hrige kurz darauf fest. Sie muss sich nun wegen Diebstahls und K\u00f6rperverletzung verantworten.<\/p>\n<p>Dieser Text basiert auf einer offiziellen Beh\u00f6rden-Information und wurde mit Hilfe von KI erstellt.<\/p>\n","protected":false},"excerpt":{"rendered":"F\u00fcrth \u2013 Ein dreister Taschendiebstahl ersch\u00fctterte am Samstagnachmittag, den 18.10.2025, die Innenstadt von F\u00fcrth. Ein 86-j\u00e4hriger Mann wurde&hellip;\n","protected":false},"author":2,"featured_media":472341,"comment_status":"","ping_status":"","sticky":false,"template":"","format":"standard","meta":{"footnotes":""},"categories":[1837],"tags":[772,3364,29,1686,4347,30,1000,2509,3783,45,1995],"class_list":{"0":"post-510641","1":"post","2":"type-post","3":"status-publish","4":"format-standard","5":"has-post-thumbnail","7":"category-nuernberg","8":"tag-bayern","9":"tag-de","10":"tag-deutschland","11":"tag-diebstahl","12":"tag-fuerth","13":"tag-germany","14":"tag-gewalt","15":"tag-ki-ots","16":"tag-nuernberg","17":"tag-texttospeech","18":"tag-verbrechen"},"share_on_mastodon":{"url":"https:\/\/pubeurope.com\/@de\/115400450029269215","error":""},"_links":{"self":[{"href":"https:\/\/www.europesays.com\/de\/wp-json\/wp\/v2\/posts\/510641","targetHints":{"allow":["GET"]}}],"collection":[{"href":"https:\/\/www.europesays.com\/de\/wp-json\/wp\/v2\/posts"}],"about":[{"href":"https:\/\/www.europesays.com\/de\/wp-json\/wp\/v2\/types\/post"}],"author":[{"embeddable":true,"href":"https:\/\/www.europesays.com\/de\/wp-json\/wp\/v2\/users\/2"}],"replies":[{"embeddable":true,"href":"https:\/\/www.europesays.com\/de\/wp-json\/wp\/v2\/comments?post=510641"}],"version-history":[{"count":0,"href":"https:\/\/www.europesays.com\/de\/wp-json\/wp\/v2\/posts\/510641\/revisions"}],"wp:featuredmedia":[{"embeddable":true,"href":"https:\/\/www.europesays.com\/de\/wp-json\/wp\/v2\/media\/472341"}],"wp:attachment":[{"href":"https:\/\/www.europesays.com\/de\/wp-json\/wp\/v2\/media?parent=510641"}],"wp:term":[{"taxonomy":"category","embeddable":true,"href":"https:\/\/www.europesays.com\/de\/wp-json\/wp\/v2\/categories?post=510641"},{"taxonomy":"post_tag","embeddable":true,"href":"https:\/\/www.europesays.com\/de\/wp-json\/wp\/v2\/tags?post=510641"}],"curies":[{"name":"wp","href":"https:\/\/api.w.org\/{rel}","templated":true}]}}