{"id":510647,"date":"2025-10-19T10:54:15","date_gmt":"2025-10-19T10:54:15","guid":{"rendered":"https:\/\/www.europesays.com\/de\/510647\/"},"modified":"2025-10-19T10:54:15","modified_gmt":"2025-10-19T10:54:15","slug":"sitzung-des-rats-des-stadtbezirks-am-montag","status":"publish","type":"post","link":"https:\/\/www.europesays.com\/de\/510647\/","title":{"rendered":"Sitzung des Rats des Stadtbezirks am Montag"},"content":{"rendered":"<p>Am Montag, dem 20. Oktober 2025, findet im B\u00fcrgersaal des Stadtbezirksamts Neustadt die 15. Sitzung des Stadtbezirksbeirates Neustadt statt. Beginn ist um 17.30 Uhr, die Sitzung ist \u00f6ffentlich. Auf der Tagesordnung stehen mehrere Themen aus den Bereichen Soziales, Sicherheit, Kultur und Stadtentwicklung.<br \/>\n<img fetchpriority=\"high\" decoding=\"async\" src=\"https:\/\/www.europesays.com\/de\/wp-content\/uploads\/2025\/10\/20230627_140027-scaled.jpg\" alt=\"Stadtbezirksamt an der Hoyerswerdaer Stra\u00dfe\" width=\"2560\" height=\"1440\" class=\"size-full wp-image-196056\"  \/>Stadtbezirksamt an der Hoyerswerdaer Stra\u00dfe\n<\/p>\n<p>Zu Beginn stellt sich Daria, die Fachberatungsstelle Sexarbeit der Treberhilfe Dresden vor. Im Anschluss folgt ein Bericht zur Kriminalpr\u00e4vention mit einem Fokus auf die Situation in der \u00c4u\u00dferen Neustadt.\n<\/p>\n<p>Der Beirat ber\u00e4t anschlie\u00dfend \u00fcber verschiedene F\u00f6rderantr\u00e4ge. Darunter f\u00e4llt die Finanzierung des Projekts \u201eJugendbeteiligung im Stadtbezirk\u201c. Weitere F\u00f6rderantr\u00e4ge betreffen unter anderem:\n<\/p>\n<ul>\n<li>das Kleinprojekt \u201eLivemusik f\u00fcr alle\u201c<\/li>\n<li>eine Kundgebung zur Lage der zeitgen\u00f6ssischen Musik<\/li>\n<li>das Makroprojekt \u201eZukunft braucht Raum\u201c<\/li>\n<li>das Theaterst\u00fcck \u201eCowboyseminar \u2013 ein Theaterst\u00fcck \u00fcber M\u00e4nnerbilder\u201c<\/li>\n<li>die Veranstaltung \u201edasKONZERTs Nr. 11: Electrical Walks von Christina Kubisch\u201c<\/li>\n<li>das Projekt \u201eDAVE CON: FOR THE FUTURE\u201c<\/li>\n<\/ul>\n<p>SPD-Vorschl\u00e4ge<\/p>\n<p>Zwei Vorschl\u00e4ge von der SPD zur Stadtgestaltung werden ebenfalls behandelt: die Errichtung von Fu\u00dfg\u00e4nger\u00fcberwegen auf dem Bischofsweg und der Glacisstra\u00dfe sowie die Instandsetzung der Beleuchtung am Albertplatz zwischen Artesischem Brunnen und Alaunstra\u00dfe.<\/p>\n<p>Stadtweite Themen zur Beratung<\/p>\n<ul>\n<li>ein Nutzungskonzept f\u00fcr den Gedenkort Alter Leipziger Bahnhof<\/li>\n<li>der Br\u00fcckenneubau im Zuge der K\u00f6nigsbr\u00fccker Stra\u00dfe \u00fcber die Anlagen der Deutschen Bahn<\/li>\n<li>der Verkauf eines Grundst\u00fccks in Pieschen sowie die Standortentscheidung zum Neuen Sachsenbad<\/li>\n<li>\u00c4nderungen bei der Finanzierung des Umbaus und der Erweiterung des Kulturzentrums Scheune<\/li>\n<li>die Sanierung des Stadtarchivs und bauliche Ma\u00dfnahmen auf dem Areal der ehemaligen Heeresb\u00e4ckerei<\/li>\n<\/ul>\n<p>Zum Abschluss der Sitzung folgen Informationen, Hinweise und Anfragen.\n<\/p>\n<p>15. Sitzung des Stadtbezirksbeirates Neustadt<\/p>\n","protected":false},"excerpt":{"rendered":"Am Montag, dem 20. Oktober 2025, findet im B\u00fcrgersaal des Stadtbezirksamts Neustadt die 15. Sitzung des Stadtbezirksbeirates Neustadt&hellip;\n","protected":false},"author":2,"featured_media":510648,"comment_status":"","ping_status":"","sticky":false,"template":"","format":"standard","meta":{"footnotes":""},"categories":[1835],"tags":[3364,29,2386,30,4229,859,11100,12128],"class_list":{"0":"post-510647","1":"post","2":"type-post","3":"status-publish","4":"format-standard","5":"has-post-thumbnail","7":"category-dresden","8":"tag-de","9":"tag-deutschland","10":"tag-dresden","11":"tag-germany","12":"tag-neustadt","13":"tag-sachsen","14":"tag-stadtbezirksbeirat","15":"tag-stadtbezirksbeirat-neustadt"},"share_on_mastodon":{"url":"https:\/\/pubeurope.com\/@de\/115400466503737209","error":""},"_links":{"self":[{"href":"https:\/\/www.europesays.com\/de\/wp-json\/wp\/v2\/posts\/510647","targetHints":{"allow":["GET"]}}],"collection":[{"href":"https:\/\/www.europesays.com\/de\/wp-json\/wp\/v2\/posts"}],"about":[{"href":"https:\/\/www.europesays.com\/de\/wp-json\/wp\/v2\/types\/post"}],"author":[{"embeddable":true,"href":"https:\/\/www.europesays.com\/de\/wp-json\/wp\/v2\/users\/2"}],"replies":[{"embeddable":true,"href":"https:\/\/www.europesays.com\/de\/wp-json\/wp\/v2\/comments?post=510647"}],"version-history":[{"count":0,"href":"https:\/\/www.europesays.com\/de\/wp-json\/wp\/v2\/posts\/510647\/revisions"}],"wp:featuredmedia":[{"embeddable":true,"href":"https:\/\/www.europesays.com\/de\/wp-json\/wp\/v2\/media\/510648"}],"wp:attachment":[{"href":"https:\/\/www.europesays.com\/de\/wp-json\/wp\/v2\/media?parent=510647"}],"wp:term":[{"taxonomy":"category","embeddable":true,"href":"https:\/\/www.europesays.com\/de\/wp-json\/wp\/v2\/categories?post=510647"},{"taxonomy":"post_tag","embeddable":true,"href":"https:\/\/www.europesays.com\/de\/wp-json\/wp\/v2\/tags?post=510647"}],"curies":[{"name":"wp","href":"https:\/\/api.w.org\/{rel}","templated":true}]}}