{"id":510649,"date":"2025-10-19T10:55:14","date_gmt":"2025-10-19T10:55:14","guid":{"rendered":"https:\/\/www.europesays.com\/de\/510649\/"},"modified":"2025-10-19T10:55:14","modified_gmt":"2025-10-19T10:55:14","slug":"81-jaehrige-greift-maedchen-wegen-kopftuch-an","status":"publish","type":"post","link":"https:\/\/www.europesays.com\/de\/510649\/","title":{"rendered":"81-J\u00e4hrige greift M\u00e4dchen wegen Kopftuch an"},"content":{"rendered":"<p>Vorfall in der S\u00fcdvorstadt <\/p>\n<p>81-J\u00e4hrige greift M\u00e4dchen wegen Kopftuch an<\/p>\n<p>19.10.2025 &#8211; 12:24 UhrLesedauer: 1 Min.<\/p>\n<p><a href=\"#focus-0\" class=\"transition-colors duration-200 block text-current relative\" data-sctrack=\"FocusGalleryImage.Reference\"><img fetchpriority=\"high\" data-testid=\"Opener.Image\" style=\"--lqipURL:url('https:\/\/images.t-online.de\/2021\/06\/88512434v2\/0x0:1920x1077\/fit-in\/150x0\/filters:blur(25)\/frauen-mit-kopftuechern-spazieren-ueber-eine-strasse-symbolbild-in-dresden-soll-eine-seniorin-maedchen-rassistisch-beleidigt-haben.jpg')\"   loading=\"eager\" src=\"https:\/\/www.europesays.com\/de\/wp-content\/uploads\/2025\/10\/frauen-mit-kopftuechern-spazieren-ueber-eine-strasse-symbolbild-in-dresden-soll-eine-seniorin-maedch.jpeg\" alt=\"Frauen mit Kopft\u00fcchern spazieren \u00fcber eine Stra\u00dfe (Symbolbild): In Dresden soll eine Seniorin M\u00e4dchen rassistisch beleidigt haben.\" title=\"Frauen mit Kopft\u00fcchern spazieren \u00fcber eine Stra\u00dfe (Symbolbild): In Dresden soll eine Seniorin M\u00e4dchen rassistisch beleidigt haben.\" width=\"1920\" height=\"1077\" class=\"bg-[url:var(--lqipURL)] bg-cover bg-center flex h-full w-full max-w-full\" decoding=\"async\"\/><img style=\"--width:32;--height:32\" loading=\"lazy\" src=\"https:\/\/dresden.t-online.de\/s\/paper\/_next\/static\/media\/zoom-in.f7dae02f.svg\" alt=\"Vergr\u00f6\u00dfern des Bildes\" title=\"Vergr\u00f6\u00dfern des Bildes\" class=\"block h-[calc(var(--height)_\/_16_*_1rem)] w-[calc(var(--width)_\/_16_*_1rem)] max-w-none absolute bottom-8 right-8 rounded-4 bg-snow p-8\" decoding=\"async\"\/><\/a><\/p>\n<p>Frauen mit Kopft\u00fcchern spazieren \u00fcber eine Stra\u00dfe (Symbolbild): In Dresden soll eine Seniorin M\u00e4dchen rassistisch beleidigt haben. (Quelle: Peters\/imago-images-bilder)<\/p>\n<p class=\"font-bold text-18 leading-17\">Eine Seniorin soll in Dresden eine Jugendliche attackiert haben. Die Polizei ermittelt wegen Volksverhetzung und K\u00f6rperverletzung.<\/p>\n<p class=\"text-18 leading-17\">Eine 81-j\u00e4hrige Frau soll am Freitag in der Dresdner S\u00fcdvorstadt versucht haben, einer Jugendlichen gewaltsam das Kopftuch vom Kopf zu rei\u00dfen. Das M\u00e4dchen erlitt dabei leichte Verletzungen, wie die Polizeidirektion Dresden mitteilte.<\/p>\n<p class=\"text-18 leading-17\">Die Beamten wurden verst\u00e4ndigt, nachdem die Seniorin auf einem Hof zwei 14-j\u00e4hrige M\u00e4dchen rassistisch beleidigt haben soll. Bei einem der M\u00e4dchen versuchte die 81-J\u00e4hrige dann das Kopftuch herunterzurei\u00dfen. Die Polizei ermittelt nun gegen die Seniorin wegen Volksverhetzung und K\u00f6rperverletzung.<\/p>\n","protected":false},"excerpt":{"rendered":"Vorfall in der S\u00fcdvorstadt 81-J\u00e4hrige greift M\u00e4dchen wegen Kopftuch an 19.10.2025 &#8211; 12:24 UhrLesedauer: 1 Min. Frauen mit&hellip;\n","protected":false},"author":2,"featured_media":510650,"comment_status":"","ping_status":"","sticky":false,"template":"","format":"standard","meta":{"footnotes":""},"categories":[1835],"tags":[722,17161,2140,3364,29,2386,30,25929,121,859,9429],"class_list":{"0":"post-510649","1":"post","2":"type-post","3":"status-publish","4":"format-standard","5":"has-post-thumbnail","7":"category-dresden","8":"tag-722","9":"tag-17161","10":"tag-angriff","11":"tag-de","12":"tag-deutschland","13":"tag-dresden","14":"tag-germany","15":"tag-kopftuch","16":"tag-polizei","17":"tag-sachsen","18":"tag-suedvorstadt"},"share_on_mastodon":{"url":"https:\/\/pubeurope.com\/@de\/115400470277252654","error":""},"_links":{"self":[{"href":"https:\/\/www.europesays.com\/de\/wp-json\/wp\/v2\/posts\/510649","targetHints":{"allow":["GET"]}}],"collection":[{"href":"https:\/\/www.europesays.com\/de\/wp-json\/wp\/v2\/posts"}],"about":[{"href":"https:\/\/www.europesays.com\/de\/wp-json\/wp\/v2\/types\/post"}],"author":[{"embeddable":true,"href":"https:\/\/www.europesays.com\/de\/wp-json\/wp\/v2\/users\/2"}],"replies":[{"embeddable":true,"href":"https:\/\/www.europesays.com\/de\/wp-json\/wp\/v2\/comments?post=510649"}],"version-history":[{"count":0,"href":"https:\/\/www.europesays.com\/de\/wp-json\/wp\/v2\/posts\/510649\/revisions"}],"wp:featuredmedia":[{"embeddable":true,"href":"https:\/\/www.europesays.com\/de\/wp-json\/wp\/v2\/media\/510650"}],"wp:attachment":[{"href":"https:\/\/www.europesays.com\/de\/wp-json\/wp\/v2\/media?parent=510649"}],"wp:term":[{"taxonomy":"category","embeddable":true,"href":"https:\/\/www.europesays.com\/de\/wp-json\/wp\/v2\/categories?post=510649"},{"taxonomy":"post_tag","embeddable":true,"href":"https:\/\/www.europesays.com\/de\/wp-json\/wp\/v2\/tags?post=510649"}],"curies":[{"name":"wp","href":"https:\/\/api.w.org\/{rel}","templated":true}]}}