{"id":51065,"date":"2025-04-22T03:00:12","date_gmt":"2025-04-22T03:00:12","guid":{"rendered":"https:\/\/www.europesays.com\/de\/51065\/"},"modified":"2025-04-22T03:00:12","modified_gmt":"2025-04-22T03:00:12","slug":"tah-weg-wirtz-xhaka-alonso-titellosem-bayer-droht-der-grosse-zerfall","status":"publish","type":"post","link":"https:\/\/www.europesays.com\/de\/51065\/","title":{"rendered":"Tah weg &#8211; Wirtz, Xhaka, Alonso?: Titellosem Bayer droht der gro\u00dfe Zerfall"},"content":{"rendered":"<p>                    Tah weg &#8211; Wirtz, Xhaka, Alonso?<br \/>\n                Titellosem Bayer droht der gro\u00dfe Zerfall<\/p>\n<p>\t\t\t\t              21.04.2025, 17:59 Uhr<\/p>\n<p><strong>Abwehrchef Jonathan Tah verl\u00e4sst Bayer Leverkusen nach dieser Saison, das bekr\u00e4ftigt der Nationalspieler. Gehen auch Florian Wirtz, Granit Xhaka und Trainer Xabi Alonso? Neben dem Frust um die titellose Spielzeit gibt es viel Ungewisses f\u00fcr die Zukunft. <\/strong><\/p>\n<p>Der Frust sa\u00df tief bei Bayer Leverkusen. Patrik Schick erkl\u00e4rte das Meisterrennen f\u00fcr beendet, Jonathan Tah maulte \u00fcber Rang zwei und Xabi Alonso? Der Trainer bem\u00e4ngelte die spielerische Armut seiner Truppe. Nach der rauschhaften Double-Party am Ende der vergangenen Spielzeit ist eine Kater-Saison ohne Titel f\u00fcr den Bundesligazweiten inzwischen kaum noch zu verhindern &#8211; und dann droht in den kommenden Wochen auch noch der Bruch der Erfolgsachse.<\/p>\n<p>&#8222;Es ist mathematisch nicht vorbei, aber wir wissen, dass wir fast keine Chance mehr haben&#8220;, sagte Alonso nach dem n\u00e4chsten R\u00fcckschlag &#8211; dem 1:1 (1:0) beim FC St. Pauli. Vier Spieltage vor Schluss betr\u00e4gt der R\u00fcckstand auf den FC Bayern inzwischen acht Punkte.<\/p>\n<p>Die M\u00fcnchner d\u00fcrfen das Wei\u00dfbier f\u00fcr die 34. Meisterfeier also bereits kaltstellen; weil Alonsos Team, das gab der Spanier unumwunden zu, in der entscheidenden Phase einfach &#8222;nicht gut genug&#8220; sei: &#8222;Wir haben zu viele Unentschieden in dieser Saison &#8211; deswegen ist der Vorsprung so gro\u00df.&#8220;<\/p>\n<p>Champions League wird es dennoch wieder<\/p>\n<p>Nat\u00fcrlich: Es war l\u00e4ngst nicht alles schlecht in dieser ersten Spielzeit nach der erfolgreichsten der Vereinsgeschichte. Die Champions League wird man als Vizemeister souver\u00e4n erreichen, mit bislang zwei Liga-Niederlagen war Bayer erneut kaum zu schlagen, ausw\u00e4rts ist das Team seit 32 Ligaspielen ohne Pleite und jagt weiter den Rekord der Bayern (33 Spiele ungeschlagen).<\/p>\n<p>Aber da waren eben auch die Chancenlosigkeit im Duell mit den M\u00fcnchnern in der K\u00f6nigsklasse oder das grotesk anmutende Halbfinal-Aus im DFB-Pokal beim Drittligisten Arminia Bielefeld, das tiefe Narben hinterlassen hat. Weshalb sich diese Saison eben doch sehr unbefriedigend anf\u00fchlt. Wie ein R\u00fcckfall in alte Vizekusen-Zeiten, wenn man so will.<\/p>\n<p>&#8222;Ich tue mich sehr schwer damit, zu sagen, dass ein zweiter Platz ansatzweise gut ist&#8220;, betonte Abwehrchef Tah: &#8222;Unser Anspruch war ein anderer und wir wollten zumindest n\u00e4her dran sein. Das tut uns extrem weh.&#8220;<\/p>\n<p>Bricht Erfolgsachse komplett weg? <\/p>\n<p>Der Nationalspieler wird die Werkself im Sommer verlassen, das bekr\u00e4ftigte er am Sonntag, und er ist vielleicht nicht der einzige gro\u00dfe Name, auf den das zutrifft. In einer sportlich belanglosen Restsaison d\u00fcrften die Personaldiskussionen nun schnell Fahrt aufnehmen, weil Bayer nicht weniger als ein kompletter Zerfall seiner Erfolgsachse droht.<\/p>\n<p>Da w\u00e4re zum einen Trainer Alonso. Der hat mit seinem Meisterst\u00fcck in der vergangenen Saison Begehrlichkeiten bei den gr\u00f6\u00dften Vereinen geweckt. Und vermied es zuletzt, sich klar zu einem weiteren Jahr in Leverkusen zu bekennen. Lockt Ex-Klub Real Madrid, so scheint es, k\u00f6nnte das erfolgreiche Kapitel des Basken bei Bayer bald beendet sein.<\/p>\n<p>Da w\u00e4re zum anderen Florian Wirtz, der Ausnahmekicker im offensiven Mittelfeld. Anfang des Jahres hie\u00df es noch, der Verein und der Nationalspieler seien sich einig \u00fcber eine Verl\u00e4ngerung des ohnehin bis 2027 laufenden Vertrags. Doch der letzte Schritt ist noch immer nicht gegangen, weshalb auch ein Wirtz-Abgang noch in diesem Sommer denkbar erscheint. Und zuletzt kamen auch noch Ger\u00fcchte \u00fcber einen m\u00f6glichen Abschied von Mittelfeldstratege Granit Xhaka auf.<\/p>\n<p>Es drohen also unruhige Zeiten im sonst so entspannten Leverkusener Vereinsumfeld. Auch wenn Alonso um Contenance bem\u00fcht war: &#8222;Wir machen kein Drama&#8220;, sagte er: &#8222;Drama ist im Fu\u00dfball nicht gut.&#8220;<\/p>\n<p>Gesch\u00e4ftsf\u00fchrer Fernando Carro mahnt deshalb bei den Zukunfts\u00fcberlegungen zur Eile. &#8222;Die Trainerposition ist f\u00fcr einen Verein sehr wichtig. Deswegen wollen wir in den n\u00e4chsten Wochen relativ schnell Klarheit haben&#8220;, sagte Carro am Rande der Laureus World Sports Awards in Madrid mit Blick auf die Personalie Alonso. Zudem, betonte der Spanier, rechne er weiter mit einem Verbleib von Wirtz.<\/p>\n","protected":false},"excerpt":{"rendered":"Tah weg &#8211; Wirtz, Xhaka, Alonso? Titellosem Bayer droht der gro\u00dfe Zerfall 21.04.2025, 17:59 Uhr Abwehrchef Jonathan Tah&hellip;\n","protected":false},"author":2,"featured_media":51066,"comment_status":"","ping_status":"","sticky":false,"template":"","format":"standard","meta":{"footnotes":""},"categories":[5],"tags":[331,332,2367,3364,29,12761,347,30,13,14,15,12,10057],"class_list":{"0":"post-51065","1":"post","2":"type-post","3":"status-publish","4":"format-standard","5":"has-post-thumbnail","7":"category-nachrichten","8":"tag-aktuelle-nachrichten","9":"tag-aktuelle-news","10":"tag-bayer-04-leverkusen","11":"tag-de","12":"tag-deutschland","13":"tag-florian-wirtz","14":"tag-fussball","15":"tag-germany","16":"tag-headlines","17":"tag-nachrichten","18":"tag-news","19":"tag-schlagzeilen","20":"tag-xabi-alonso"},"share_on_mastodon":{"url":"https:\/\/pubeurope.com\/@de\/114379386140761536","error":""},"_links":{"self":[{"href":"https:\/\/www.europesays.com\/de\/wp-json\/wp\/v2\/posts\/51065","targetHints":{"allow":["GET"]}}],"collection":[{"href":"https:\/\/www.europesays.com\/de\/wp-json\/wp\/v2\/posts"}],"about":[{"href":"https:\/\/www.europesays.com\/de\/wp-json\/wp\/v2\/types\/post"}],"author":[{"embeddable":true,"href":"https:\/\/www.europesays.com\/de\/wp-json\/wp\/v2\/users\/2"}],"replies":[{"embeddable":true,"href":"https:\/\/www.europesays.com\/de\/wp-json\/wp\/v2\/comments?post=51065"}],"version-history":[{"count":0,"href":"https:\/\/www.europesays.com\/de\/wp-json\/wp\/v2\/posts\/51065\/revisions"}],"wp:featuredmedia":[{"embeddable":true,"href":"https:\/\/www.europesays.com\/de\/wp-json\/wp\/v2\/media\/51066"}],"wp:attachment":[{"href":"https:\/\/www.europesays.com\/de\/wp-json\/wp\/v2\/media?parent=51065"}],"wp:term":[{"taxonomy":"category","embeddable":true,"href":"https:\/\/www.europesays.com\/de\/wp-json\/wp\/v2\/categories?post=51065"},{"taxonomy":"post_tag","embeddable":true,"href":"https:\/\/www.europesays.com\/de\/wp-json\/wp\/v2\/tags?post=51065"}],"curies":[{"name":"wp","href":"https:\/\/api.w.org\/{rel}","templated":true}]}}