{"id":510660,"date":"2025-10-19T11:02:23","date_gmt":"2025-10-19T11:02:23","guid":{"rendered":"https:\/\/www.europesays.com\/de\/510660\/"},"modified":"2025-10-19T11:02:23","modified_gmt":"2025-10-19T11:02:23","slug":"bvb-schlotterbeck-steht-vor-sehr-wichtiger-entscheidung","status":"publish","type":"post","link":"https:\/\/www.europesays.com\/de\/510660\/","title":{"rendered":"BVB: Schlotterbeck steht vor \u201esehr wichtiger Entscheidung\u201c"},"content":{"rendered":"<p><b>Zitat von <a href=\"https:\/\/www.transfermarkt.de\/billyreina1972\/index\/profil\/992992\" target=\"_blank\" rel=\"noopener\">BillyReina1972<\/a><\/b> <br \/>\nWarum sollte er auch? Schlotterbeck ist kein vom BvB ausgebildetes Talent, dazu auch jemand, der offensichtlich ehrgeizig ist und Titel holen will! <br \/>\nUnd dabei wird es bei den Verhandlungen auch gehen: Wie stellt sich der BvB vor, Titel zu holen? Mit welchem Personal? <br \/>\nIn den letzten Jahren ist die Mannschaft immer mehr ausgeblutet an Qualit\u00e4t. <\/p>\n<p>Ob Bayern M\u00fcnchen da dann die n\u00e4chste Station sein wird? mM nach eher nicht. In der PL k\u00f6nnte bei einigen gro\u00dfen Teams in der IV 2026 ein Platz frei werden.<\/p>\n<p>Mal ungeachtet von Schlotterbecks pers\u00f6nlichen Pr\u00e4ferenzen, die wir alle nicht kennen, w\u00e4re Bayern schon ein naheliegender Schritt, da.. <\/p>\n<p>&#8211; er und Tah h\u00f6chstwahrscheinlich das &#8222;neue&#8220; IV Duo in der Nationalmannschaft bilden werden, wenn R\u00fcdiger nicht wider erwarten zu alter St\u00e4rke findet <\/p>\n<p>&#8211; sich die Verl\u00e4ngerung von Upamecano sich nach Berichten wohl in der Schwebe befindet und nicht wie urspr\u00fcnglich angenommen nur Formsache ist <\/p>\n<p>&#8211; er dort einfach h\u00f6here Chancen auf Titel hat <\/p>\n<p>&#8211; er dort auf einige Nationalmannschaftskollegen trifft <\/p>\n<p>Um nur mal einige Gr\u00fcnde zu nennen. <\/p>\n<p>Dagegen spricht wiederum, dass er im besten Alter ist (25\/26) um etwas ganz Neues auszuprobieren und er mehr oder weniger freie Wahl haben d\u00fcrfte, wo er hin m\u00f6chte. Interesse d\u00fcrfte es wie erw\u00e4hnt sowohl aus England als auch Spanien geben.<\/p>\n","protected":false},"excerpt":{"rendered":"Zitat von BillyReina1972 Warum sollte er auch? Schlotterbeck ist kein vom BvB ausgebildetes Talent, dazu auch jemand, der&hellip;\n","protected":false},"author":2,"featured_media":510661,"comment_status":"","ping_status":"","sticky":false,"template":"","format":"standard","meta":{"footnotes":""},"categories":[1833],"tags":[888,299,3364,29,217,30,28963,5973,1209],"class_list":{"0":"post-510660","1":"post","2":"type-post","3":"status-publish","4":"format-standard","5":"has-post-thumbnail","7":"category-dortmund","8":"tag-borussia-dortmund","9":"tag-bundesliga","10":"tag-de","11":"tag-deutschland","12":"tag-dortmund","13":"tag-germany","14":"tag-hans-joachim-watzke","15":"tag-nico-schlotterbeck","16":"tag-nordrhein-westfalen"},"share_on_mastodon":{"url":"https:\/\/pubeurope.com\/@de\/115400497218165100","error":""},"_links":{"self":[{"href":"https:\/\/www.europesays.com\/de\/wp-json\/wp\/v2\/posts\/510660","targetHints":{"allow":["GET"]}}],"collection":[{"href":"https:\/\/www.europesays.com\/de\/wp-json\/wp\/v2\/posts"}],"about":[{"href":"https:\/\/www.europesays.com\/de\/wp-json\/wp\/v2\/types\/post"}],"author":[{"embeddable":true,"href":"https:\/\/www.europesays.com\/de\/wp-json\/wp\/v2\/users\/2"}],"replies":[{"embeddable":true,"href":"https:\/\/www.europesays.com\/de\/wp-json\/wp\/v2\/comments?post=510660"}],"version-history":[{"count":0,"href":"https:\/\/www.europesays.com\/de\/wp-json\/wp\/v2\/posts\/510660\/revisions"}],"wp:featuredmedia":[{"embeddable":true,"href":"https:\/\/www.europesays.com\/de\/wp-json\/wp\/v2\/media\/510661"}],"wp:attachment":[{"href":"https:\/\/www.europesays.com\/de\/wp-json\/wp\/v2\/media?parent=510660"}],"wp:term":[{"taxonomy":"category","embeddable":true,"href":"https:\/\/www.europesays.com\/de\/wp-json\/wp\/v2\/categories?post=510660"},{"taxonomy":"post_tag","embeddable":true,"href":"https:\/\/www.europesays.com\/de\/wp-json\/wp\/v2\/tags?post=510660"}],"curies":[{"name":"wp","href":"https:\/\/api.w.org\/{rel}","templated":true}]}}