{"id":510666,"date":"2025-10-19T11:05:14","date_gmt":"2025-10-19T11:05:14","guid":{"rendered":"https:\/\/www.europesays.com\/de\/510666\/"},"modified":"2025-10-19T11:05:14","modified_gmt":"2025-10-19T11:05:14","slug":"so-steht-es-um-die-rettung-der-rheinfaehre-in-meerbusch-und-duesseldorf","status":"publish","type":"post","link":"https:\/\/www.europesays.com\/de\/510666\/","title":{"rendered":"So steht es um die Rettung der Rheinf\u00e4hre in Meerbusch und D\u00fcsseldorf"},"content":{"rendered":"<p class=\"text_ohne_einzug richtext text-em-55 !leading-serif mx-6 desktop:mx-0\">Das Kostenpflichtiger Inhalt <a href=\"https:\/\/rp-online.de\/nrw\/staedte\/meerbusch\/rheinfaehre-meerbusch-duesseldorf-kaiserswerth-nach-fast-900-jahren-vor-dem-aus-v1_aid-132332789\" target=\"_blank\" rel=\"noopener\">m\u00f6gliche Ende der Rheinf\u00e4hre<\/a> zwischen Langst-Kierst und Kaiserswerth besch\u00e4ftigt die Menschen weiter. Vor allem auf Meerbuscher Seite: Dort hat eine Gruppe aus Langst-Kierst nun eine Petition zum Erhalt der F\u00e4hre gestartet. Sie fordert unter anderem, dass die Stadt <a href=\"https:\/\/rp-online.de\/thema\/meerbusch\/\" target=\"_blank\" rel=\"noopener\">Meerbusch<\/a> \u201ealle notwendigen Schritte\u201c unternehmen solle, um den \u201edauerhaften Betrieb zu sichern\u201c. Bis Sonntagmittag hatten knapp 4000 Menschen unterschrieben.<\/p>\n","protected":false},"excerpt":{"rendered":"Das Kostenpflichtiger Inhalt m\u00f6gliche Ende der Rheinf\u00e4hre zwischen Langst-Kierst und Kaiserswerth besch\u00e4ftigt die Menschen weiter. Vor allem auf&hellip;\n","protected":false},"author":2,"featured_media":510667,"comment_status":"","ping_status":"","sticky":false,"template":"","format":"standard","meta":{"footnotes":""},"categories":[1831],"tags":[14075,127113,18782,3364,29,3405,43247,53865,4744,30,91618,91619,7139,1209,3503,66590],"class_list":{"0":"post-510666","1":"post","2":"type-post","3":"status-publish","4":"format-standard","5":"has-post-thumbnail","7":"category-duesseldorf","8":"tag-betrieb","9":"tag-bommers","10":"tag-christian","11":"tag-de","12":"tag-deutschland","13":"tag-duesseldorf","14":"tag-erhalt","15":"tag-faehrbetrieb","16":"tag-faehre","17":"tag-germany","18":"tag-kierst","19":"tag-langst","20":"tag-meerbusch","21":"tag-nordrhein-westfalen","22":"tag-petition","23":"tag-rheinfaehre"},"share_on_mastodon":{"url":"https:\/\/pubeurope.com\/@de\/115400509122876756","error":""},"_links":{"self":[{"href":"https:\/\/www.europesays.com\/de\/wp-json\/wp\/v2\/posts\/510666","targetHints":{"allow":["GET"]}}],"collection":[{"href":"https:\/\/www.europesays.com\/de\/wp-json\/wp\/v2\/posts"}],"about":[{"href":"https:\/\/www.europesays.com\/de\/wp-json\/wp\/v2\/types\/post"}],"author":[{"embeddable":true,"href":"https:\/\/www.europesays.com\/de\/wp-json\/wp\/v2\/users\/2"}],"replies":[{"embeddable":true,"href":"https:\/\/www.europesays.com\/de\/wp-json\/wp\/v2\/comments?post=510666"}],"version-history":[{"count":0,"href":"https:\/\/www.europesays.com\/de\/wp-json\/wp\/v2\/posts\/510666\/revisions"}],"wp:featuredmedia":[{"embeddable":true,"href":"https:\/\/www.europesays.com\/de\/wp-json\/wp\/v2\/media\/510667"}],"wp:attachment":[{"href":"https:\/\/www.europesays.com\/de\/wp-json\/wp\/v2\/media?parent=510666"}],"wp:term":[{"taxonomy":"category","embeddable":true,"href":"https:\/\/www.europesays.com\/de\/wp-json\/wp\/v2\/categories?post=510666"},{"taxonomy":"post_tag","embeddable":true,"href":"https:\/\/www.europesays.com\/de\/wp-json\/wp\/v2\/tags?post=510666"}],"curies":[{"name":"wp","href":"https:\/\/api.w.org\/{rel}","templated":true}]}}