{"id":510670,"date":"2025-10-19T11:08:41","date_gmt":"2025-10-19T11:08:41","guid":{"rendered":"https:\/\/www.europesays.com\/de\/510670\/"},"modified":"2025-10-19T11:08:41","modified_gmt":"2025-10-19T11:08:41","slug":"stuttgart-bad-cannstatt-autofahrer-erfasst-fussgaenger-und-fluechtet","status":"publish","type":"post","link":"https:\/\/www.europesays.com\/de\/510670\/","title":{"rendered":"Stuttgart-Bad Cannstatt: Autofahrer erfasst Fu\u00dfg\u00e4nger \u2013 und fl\u00fcchtet"},"content":{"rendered":"<p>\t\t\t\t\t\t\t\t\t\t\t\t\t\t\t\t\t\t\t\t\t\t\t\t\t\t\t\t      \t\t            \t\t             \t\t\t\t   \t\t\t\t\t   <img decoding=\"async\" id=\"article-image\" fetchpriority=\"high\" alt=\"Stuttgart-Bad Cannstatt: Autofahrer erfasst Fu\u00dfg\u00e4nger \u2013 und fl\u00fcchtet\" title=\"Stuttgart-Bad Cannstatt: Autofahrer erfasst Fu\u00dfg\u00e4nger \u2013 und fl\u00fcchtet\" src=\"https:\/\/www.europesays.com\/de\/wp-content\/uploads\/2025\/10\/media.media.658184d9-8eef-4600-814d-b1b6c82580ce.16x9_700.jpg\" data-linkto=\"https:\/\/www.stuttgarter-nachrichten.de\/javascript:void(0);\"\/>\t\t\t\t\t\t\t\t\t\t\t\t\t\t\t\t\t\t\t\t\t\t\t\tDie Polizei bittet um Hinweise zu einem Unfall, der sich in der Nacht zum Sonntag in Cannstatt ereignet hat (Symbolbild).\u00a0Foto: Marijan Murat\/dpa\t\t\t<\/p>\n<p>Wegen Fahrerflucht sucht die Polizei nach einem Autofahrer, der in der Nacht zum Sonntag einen 27 Jahre alten Fu\u00dfg\u00e4nger bei einem Unfall verletzt hat.<\/p>\n<p>Einen 27-J\u00e4hrigen angefahren hat ein Autofahrer in der Nacht zum Sonntag im Stuttgarter Stadtteil Bad <a href=\"https:\/\/www.stuttgarter-nachrichten.de\/thema\/Stuttgart-Bad_Cannstatt\" title=\"Cannstatt\" class=\"art_thema\" target=\"_blank\" rel=\"noopener\">Cannstatt<\/a>. Weil der Unfallverursacher anschlie\u00dfend fl\u00fcchtete, sucht die Polizei nun nach ihm. <\/p>\n<p>Laut Mitteilung ereignete sich der Vorfall gegen 0.20 Uhr in der Terrotstra\u00dfe. Der <a href=\"https:\/\/www.stuttgarter-nachrichten.de\/thema\/Fu%C3%9Fg%C3%A4nger\" title=\"Fu\u00dfg\u00e4nger\" class=\"art_thema\" target=\"_blank\" rel=\"noopener\">Fu\u00dfg\u00e4nger<\/a> lief demnach im Bereich der Einm\u00fcndung zur Bromberger Stra\u00dfe, als er von dem Autofahrer erfasst wurde. Der Fu\u00dfg\u00e4nger st\u00fcrzte und verletzte sich hierbei leicht.<\/p>\n<p> Bei dem fl\u00fcchtigen Fahrzeug soll es sich um einen dunklen <a href=\"https:\/\/www.stuttgarter-nachrichten.de\/thema\/BMW\" title=\"BMW\" class=\"art_thema\" target=\"_blank\" rel=\"noopener\">BMW<\/a> oder <a href=\"https:\/\/www.stuttgarter-nachrichten.de\/thema\/Mercedes-Benz\" title=\"Mercedes\" class=\"art_thema\" target=\"_blank\" rel=\"noopener\">Mercedes<\/a> handeln. Zeugen werden gebeten, sich unter der Telefonnummer 0711\/89903600 beim Polizeirevier 6 Martin-Luther-Stra\u00dfe zu melden.<\/p>\n","protected":false},"excerpt":{"rendered":"Die Polizei bittet um Hinweise zu einem Unfall, der sich in der Nacht zum Sonntag in Cannstatt ereignet&hellip;\n","protected":false},"author":2,"featured_media":510671,"comment_status":"","ping_status":"","sticky":false,"template":"","format":"standard","meta":{"footnotes":""},"categories":[1830],"tags":[1634,374,3364,29,5516,5715,30,377,86468,8248,1441,5251,1284],"class_list":{"0":"post-510670","1":"post","2":"type-post","3":"status-publish","4":"format-standard","5":"has-post-thumbnail","7":"category-stuttgart","8":"tag-baden-wuerttemberg","9":"tag-bmw","10":"tag-de","11":"tag-deutschland","12":"tag-fahrerflucht","13":"tag-fussgaenger","14":"tag-germany","15":"tag-mercedes-benz","16":"tag-polize","17":"tag-polizeibericht-stuttgart","18":"tag-stuttgart","19":"tag-stuttgart-bad-cannstatt","20":"tag-unfall"},"share_on_mastodon":{"url":"https:\/\/pubeurope.com\/@de\/115400522436015999","error":""},"_links":{"self":[{"href":"https:\/\/www.europesays.com\/de\/wp-json\/wp\/v2\/posts\/510670","targetHints":{"allow":["GET"]}}],"collection":[{"href":"https:\/\/www.europesays.com\/de\/wp-json\/wp\/v2\/posts"}],"about":[{"href":"https:\/\/www.europesays.com\/de\/wp-json\/wp\/v2\/types\/post"}],"author":[{"embeddable":true,"href":"https:\/\/www.europesays.com\/de\/wp-json\/wp\/v2\/users\/2"}],"replies":[{"embeddable":true,"href":"https:\/\/www.europesays.com\/de\/wp-json\/wp\/v2\/comments?post=510670"}],"version-history":[{"count":0,"href":"https:\/\/www.europesays.com\/de\/wp-json\/wp\/v2\/posts\/510670\/revisions"}],"wp:featuredmedia":[{"embeddable":true,"href":"https:\/\/www.europesays.com\/de\/wp-json\/wp\/v2\/media\/510671"}],"wp:attachment":[{"href":"https:\/\/www.europesays.com\/de\/wp-json\/wp\/v2\/media?parent=510670"}],"wp:term":[{"taxonomy":"category","embeddable":true,"href":"https:\/\/www.europesays.com\/de\/wp-json\/wp\/v2\/categories?post=510670"},{"taxonomy":"post_tag","embeddable":true,"href":"https:\/\/www.europesays.com\/de\/wp-json\/wp\/v2\/tags?post=510670"}],"curies":[{"name":"wp","href":"https:\/\/api.w.org\/{rel}","templated":true}]}}