{"id":510685,"date":"2025-10-19T11:18:12","date_gmt":"2025-10-19T11:18:12","guid":{"rendered":"https:\/\/www.europesays.com\/de\/510685\/"},"modified":"2025-10-19T11:18:12","modified_gmt":"2025-10-19T11:18:12","slug":"hamburg-schleswig-holstein-feuerwehr-rettet-eingeklemmtes-reh-aus-hoftor","status":"publish","type":"post","link":"https:\/\/www.europesays.com\/de\/510685\/","title":{"rendered":"Hamburg &#038; Schleswig-Holstein: Feuerwehr rettet eingeklemmtes Reh aus Hoftor"},"content":{"rendered":"<p>                    Hamburg &amp; Schleswig-Holstein<br \/>\n                Feuerwehr rettet eingeklemmtes Reh aus Hoftor<\/p>\n<p>\t\t\t\t              19.10.2025, 12:54 Uhr<\/p>\n<p><strong>Feuerwehrleute sind in Hamburg ausger\u00fcckt, um ein Reh zu befreien. Es hatte sich zwischen den Metallstreben eines Tores verfangen. Hat das Tier die Aktion unbeschadet \u00fcberlebt?<\/strong><\/p>\n<p>Hamburg (dpa\/lno) &#8211; Ein Reh ist im Hamburger Ortsteil F\u00fcnfhausen zwischen den Metallstreben eines Hoftores eingeklemmt und von der Freiwilligen Feuerwehr befreit worden. Das Tier blieb unverletzt.<\/p>\n<p>Nach Angaben eines Sprechers wurde die Feuerwehr am Sonntagmorgen gegen 7.50 Uhr alarmiert. Ein Anrufer hatte gemeldet, dass das Reh in einem Tor auf seinem Firmengel\u00e4nde feststecke.\u00a0<\/p>\n<p>Die Freiwillige Feuerwehr F\u00fcnfhausen konnte helfen: Zwei Feuerwehrleute kletterten \u00fcber den Zaun, legten dem Reh eine Wolldecke \u00fcber den Kopf, um es zu beruhigen, und weiteten die Streben mit Hilfe eines hydraulischen Spreizers. Anschlie\u00dfend konnte das Tier unverletzt in die Freiheit entlassen werden.<\/p>\n","protected":false},"excerpt":{"rendered":"Hamburg &amp; Schleswig-Holstein Feuerwehr rettet eingeklemmtes Reh aus Hoftor 19.10.2025, 12:54 Uhr Feuerwehrleute sind in Hamburg ausger\u00fcckt, um&hellip;\n","protected":false},"author":2,"featured_media":510686,"comment_status":"","ping_status":"","sticky":false,"template":"","format":"standard","meta":{"footnotes":""},"categories":[1826],"tags":[29,985,30,692,127115,31401,1971],"class_list":{"0":"post-510685","1":"post","2":"type-post","3":"status-publish","4":"format-standard","5":"has-post-thumbnail","7":"category-hamburg","8":"tag-deutschland","9":"tag-feuerwehr","10":"tag-germany","11":"tag-hamburg","12":"tag-hoftor","13":"tag-reh","14":"tag-schleswig-holstein"},"share_on_mastodon":{"url":"https:\/\/pubeurope.com\/@de\/115400560075145876","error":""},"_links":{"self":[{"href":"https:\/\/www.europesays.com\/de\/wp-json\/wp\/v2\/posts\/510685","targetHints":{"allow":["GET"]}}],"collection":[{"href":"https:\/\/www.europesays.com\/de\/wp-json\/wp\/v2\/posts"}],"about":[{"href":"https:\/\/www.europesays.com\/de\/wp-json\/wp\/v2\/types\/post"}],"author":[{"embeddable":true,"href":"https:\/\/www.europesays.com\/de\/wp-json\/wp\/v2\/users\/2"}],"replies":[{"embeddable":true,"href":"https:\/\/www.europesays.com\/de\/wp-json\/wp\/v2\/comments?post=510685"}],"version-history":[{"count":0,"href":"https:\/\/www.europesays.com\/de\/wp-json\/wp\/v2\/posts\/510685\/revisions"}],"wp:featuredmedia":[{"embeddable":true,"href":"https:\/\/www.europesays.com\/de\/wp-json\/wp\/v2\/media\/510686"}],"wp:attachment":[{"href":"https:\/\/www.europesays.com\/de\/wp-json\/wp\/v2\/media?parent=510685"}],"wp:term":[{"taxonomy":"category","embeddable":true,"href":"https:\/\/www.europesays.com\/de\/wp-json\/wp\/v2\/categories?post=510685"},{"taxonomy":"post_tag","embeddable":true,"href":"https:\/\/www.europesays.com\/de\/wp-json\/wp\/v2\/tags?post=510685"}],"curies":[{"name":"wp","href":"https:\/\/api.w.org\/{rel}","templated":true}]}}