{"id":510703,"date":"2025-10-19T11:31:31","date_gmt":"2025-10-19T11:31:31","guid":{"rendered":"https:\/\/www.europesays.com\/de\/510703\/"},"modified":"2025-10-19T11:31:31","modified_gmt":"2025-10-19T11:31:31","slug":"deutsches-design-diese-6-talente-bewegen-sich-zwischen-design-und-kunst","status":"publish","type":"post","link":"https:\/\/www.europesays.com\/de\/510703\/","title":{"rendered":"Deutsches Design: Diese 6 Talente bewegen sich zwischen Design und Kunst"},"content":{"rendered":"<p>Weit entfernt von Serien- und In\u00addus\u00adtrie\u00adproduktion, feiern Kuhlmanns Arbeiten eben\u00ad\u00adjene Verformungen, die beim Model\u00adlie\u00adren des robusten Materials entstehen. Solch kleine Un\u00advollkommenheiten pr\u00e4gen auch die Kol\u00adlek\u00adtion \u201eLucid Dreams\u201c von 2024, die in der Galerie St. Vincents in <a href=\"https:\/\/www.ad-magazin.de\/artikel\/wabi-sabi-minimalismus-axel-vervoordt-cottage-antwerpen-natur\" target=\"_blank\" rel=\"nofollow noopener\">Antwerpen<\/a> ausgestellt wurde. Deren organisch geformte Leuchten verweisen auf eine wichtige In\u00adspi\u00adrationsquelle: die Natur. Bei Han\u00adnah Kuhl\u00admann ist die allerdings stets eingebunden in ein k\u00fcnstlerisches Narrativ. Ihre \u201eLucid Dreams\u201c etwa laden die Betrachtenden ein zu einem Nickerchen mitten am Tag: In\u00addus\u00adtrie-Stahl trifft auf zarten Stoff, klare Kanten auf weiche R\u00fcschen, <a href=\"https:\/\/www.ad-magazin.de\/artikel\/schleife-trend-interior\" target=\"_blank\" rel=\"nofollow noopener\">Schleifen<\/a> und \u00fcberdimensionierte Bl\u00fcten. So wird eine leicht surreale Zwischenwelt inszeniert, die Grenze zwischen Realit\u00e4t und Illusion verschwimmt. Kuhl\u00admann k\u00f6nnte ihrer Selbstbeschreibung also eigentlich noch \u201eGeschich\u00adten\u00ader\u00adz\u00e4h\u00adlerin\u201c hinzuf\u00fcgen. Oder \u201eTraumf\u00e4ngerin\u201c.<\/p>\n<p><img decoding=\"async\" alt=\"Hannah Kuhlmanns Liege \u201eBed Bug\u201c\" loading=\"lazy\" class=\"ResponsiveImageContainer-eNxvmU cfBbTk responsive-image__image\"   src=\"https:\/\/www.europesays.com\/de\/wp-content\/uploads\/2025\/10\/OK_St%20Vincents-Studio%20Kuhlman-Lucid%20Dreams-Photo%20Eline%20Willaert-1.jpg\"\/><\/p>\n<p>Die Liege \u201eBed Bug\u201c aus Stahlrohr und Vintage-Leder und \u201eLilly of the Valley\u201c \u2013 halb Tisch, halb Leuchte.<\/p>\n<p>Eline Willaert<img decoding=\"async\" alt=\"Portrait von Hannah Kuhlmann\" loading=\"lazy\" class=\"ResponsiveImageContainer-eNxvmU cfBbTk responsive-image__image\"   src=\"https:\/\/www.europesays.com\/de\/wp-content\/uploads\/2025\/10\/OK_SK_PORTRAIT_@NEVENALLGEIER_01.jpg\"\/><\/p>\n<p>Hannah Kuhlmann pr\u00e4sentierte zuletzt die kontrastreiche Kol\u00adlektion \u201eLucid Dreams\u201c. Sie l\u00e4sst in K\u00f6ln poetische Unikate aus Stahl.<\/p>\n<p>Neven Allgeier<\/p>\n<p>Nazara L\u00e1zaro, Berlin\/Barcelona<\/p>\n<p><a href=\"https:\/\/www.ad-magazin.de\/artikel\/jelly-hocker-3d-kollektion\" target=\"_blank\" rel=\"nofollow noopener\">3D-Rendering<\/a> ist nun wahrlich kein Tool der Zukunft mehr, aber wenn man erf\u00e4hrt,<br \/>dass Nazara L\u00e1zaros M\u00f6bel zuerst als digitales Objekt am Computer vollendet werden, ist man doch \u00fcberrascht \u2013 vielleicht, weil ihre M\u00f6bel so eine organische, greifbare Anmutung haben. L\u00e1zaro hat in Ma\u00addrid Interiordesign studiert und anschlie\u00dfend einige Jahre in <a href=\"https:\/\/www.ad-magazin.de\/article\/ikebana-kunst-blumen-stecken\" target=\"_blank\" rel=\"nofollow noopener\">Japan<\/a> gelebt. Dort lernte sie, das Handwerk zu lieben, bemerkte aber, dass ihre eigenen H\u00e4nde viel geschickter mit dem Computer umgehen k\u00f6nnen. Die Spani\u00ade\u00adrin, die zwischen Berlin und Barcelona pendelt, ist ein Ass im Ren\u00addern: W\u00e4hrend der Pandemie wurde die US-Plattform Sight Unseen auf sie aufmerksam und setzte mit ihr die erste richtige M\u00f6belkollektion um.<\/p>\n<p>Wie bei einer Skulptur baut L\u00e1zaro einen K\u00f6rper nach und nach auf \u2013 zuerst existiert er in der digitalen Realit\u00e4t und bekommt dann einen physischen Zwilling. Inspiration findet sie in der Zusammenarbeit mit zeitgen\u00f6ssischen Kolleg:innen wie Charlotte Taylor und Oscar Piccolo, aber auch bei Gestal\u00adte\u00adr:innen der Vergangenheit wie C\u00e9sar Manri\u00adque, der Keramikerin Valentine Schle\u00adgel \u2013 oder bei Joan Mir\u00f3, dessen Namen auch ihr surrealistisch anmutender Kleiderst\u00e4nder tr\u00e4gt. Weil L\u00e1zaro aus <a href=\"https:\/\/www.ad-magazin.de\/artikel\/architekten-fiveohfive-studio-schatzsuche-haus-teneriffa\" target=\"_blank\" rel=\"nofollow noopener\">Teneriffa<\/a> kommt und das warme Wetter vermisst, zieht sie in Betracht, Berlin bald den R\u00fccken zu kehren und ganz nach Barcelona zu ziehen, in Mir\u00f3s sonnigen Geburtsort.<\/p>\n<p><img decoding=\"async\" alt=\"Nazara Lzaros \u201eSteel Collection\u201c aus pulverbeschichtetem Stahl.\" loading=\"lazy\" class=\"ResponsiveImageContainer-eNxvmU cfBbTk responsive-image__image\"   src=\"https:\/\/www.europesays.com\/de\/wp-content\/uploads\/2025\/10\/OK_Muses%20ph%20Celine%20Pariadis_191.jpg\"\/><\/p>\n<p>Hier entstand ihre \u201eSteel Collection\u201c aus pulverbeschichtetem Stahl. Preis f\u00fcr das \u201eMir\u00f3 Coat Rack\u201c auf Anfrage.<\/p>\n<p>Celine Paradis<img decoding=\"async\" alt=\"Nazara Lzaro im Portrait\" loading=\"lazy\" class=\"ResponsiveImageContainer-eNxvmU cfBbTk responsive-image__image\"   src=\"https:\/\/www.europesays.com\/de\/wp-content\/uploads\/2025\/10\/OK_01%C2%A9Veronika_%20Janovec.jpg\"\/><\/p>\n<p>Ihre skulpturalen M\u00f6bel baut Nazara L\u00e1zaro zuerst virtuell. Die letzten Jahre hat sie in Berlin verbracht.<\/p>\n<p>Veronika Janovec<\/p>\n<p>Isabelle Graeff, Berlin<\/p>\n<p>Statt an klassische Religionen glaubt Isabelle Graeff lieber an Quantenphysik \u2013 \u201ewobei es nat\u00fcrlich \u00dcberschnei\u00addungen gibt\u201c, wie die K\u00fcnst\u00adlerin und Designerin sagt. \u201eIch glaube an ein universales Bewusstsein, das alles durchdringt \u2013 Zufall gibt es f\u00fcr mich nicht.\u201c Nichtsdestotrotz oder auch gerade deshalb sind ihre \u201ePortal\u201c-M\u00f6bel ein Amalgam aus Kunst, Mathematik und <a href=\"https:\/\/www.ad-magazin.de\/artikel\/retreats-2025\" target=\"_blank\" rel=\"nofollow noopener\">Spiritualit\u00e4t<\/a>. Sein verspiegeltes \u00c4u\u00ad\u00dferes macht das in Sternenform gestaltete \u201eCabinet I\u201c aus der Kollektion fast unsichtbar, es verschmilzt mit seiner Umgebung, wirkt fast entmaterialisiert. Ganz im Gegensatz zum Inneren, das mit lackiertem Valchromat in Rot, Orange, Gelb oder Blau lockt.<\/p>\n","protected":false},"excerpt":{"rendered":"Weit entfernt von Serien- und In\u00addus\u00adtrie\u00adproduktion, feiern Kuhlmanns Arbeiten eben\u00ad\u00adjene Verformungen, die beim Model\u00adlie\u00adren des robusten Materials entstehen.&hellip;\n","protected":false},"author":2,"featured_media":510704,"comment_status":"","ping_status":"","sticky":false,"template":"","format":"standard","meta":{"footnotes":""},"categories":[1775],"tags":[1793,29,214,30,1794,11373,215],"class_list":{"0":"post-510703","1":"post","2":"type-post","3":"status-publish","4":"format-standard","5":"has-post-thumbnail","7":"category-kunst-und-design","8":"tag-art-and-design","9":"tag-deutschland","10":"tag-entertainment","11":"tag-germany","12":"tag-kunst-und-design","13":"tag-talent","14":"tag-unterhaltung"},"share_on_mastodon":{"url":"https:\/\/pubeurope.com\/@de\/115400611791555812","error":""},"_links":{"self":[{"href":"https:\/\/www.europesays.com\/de\/wp-json\/wp\/v2\/posts\/510703","targetHints":{"allow":["GET"]}}],"collection":[{"href":"https:\/\/www.europesays.com\/de\/wp-json\/wp\/v2\/posts"}],"about":[{"href":"https:\/\/www.europesays.com\/de\/wp-json\/wp\/v2\/types\/post"}],"author":[{"embeddable":true,"href":"https:\/\/www.europesays.com\/de\/wp-json\/wp\/v2\/users\/2"}],"replies":[{"embeddable":true,"href":"https:\/\/www.europesays.com\/de\/wp-json\/wp\/v2\/comments?post=510703"}],"version-history":[{"count":0,"href":"https:\/\/www.europesays.com\/de\/wp-json\/wp\/v2\/posts\/510703\/revisions"}],"wp:featuredmedia":[{"embeddable":true,"href":"https:\/\/www.europesays.com\/de\/wp-json\/wp\/v2\/media\/510704"}],"wp:attachment":[{"href":"https:\/\/www.europesays.com\/de\/wp-json\/wp\/v2\/media?parent=510703"}],"wp:term":[{"taxonomy":"category","embeddable":true,"href":"https:\/\/www.europesays.com\/de\/wp-json\/wp\/v2\/categories?post=510703"},{"taxonomy":"post_tag","embeddable":true,"href":"https:\/\/www.europesays.com\/de\/wp-json\/wp\/v2\/tags?post=510703"}],"curies":[{"name":"wp","href":"https:\/\/api.w.org\/{rel}","templated":true}]}}