{"id":510705,"date":"2025-10-19T11:32:10","date_gmt":"2025-10-19T11:32:10","guid":{"rendered":"https:\/\/www.europesays.com\/de\/510705\/"},"modified":"2025-10-19T11:32:10","modified_gmt":"2025-10-19T11:32:10","slug":"kaminer-verzueckt-suhl-wuehlmaeuse-wein-und-wladimir-suhl-zella-mehlis","status":"publish","type":"post","link":"https:\/\/www.europesays.com\/de\/510705\/","title":{"rendered":"Kaminer verz\u00fcckt Suhl: W\u00fchlm\u00e4use, Wein und Wladimir &#8211; Suhl\/Zella-Mehlis"},"content":{"rendered":"<p>Die eigene Haust\u00fcr ist so nah. Und die Geschichten, die sich dort abspielen, sind so aufregend. Auch wenn auf den ersten Blick eigentlich alles leer und \u00f6de erscheint. Wladimir Kaminer wei\u00df das aus eigener Erfahrung. Er selbst ist in einem 120-Seelendorf in Brandeburg gestrandet. Freiwillig. Seine neue Heimat beschreibt er so: \u201eIch wohne in einem unsichtbaren Dorf. Da sieht man keine Menschen. Aber das Dorf sieht dich.\u201c<\/p>\n","protected":false},"excerpt":{"rendered":"Die eigene Haust\u00fcr ist so nah. Und die Geschichten, die sich dort abspielen, sind so aufregend. Auch wenn&hellip;\n","protected":false},"author":2,"featured_media":510706,"comment_status":"","ping_status":"","sticky":false,"template":"","format":"standard","meta":{"footnotes":""},"categories":[1774],"tags":[116995,1784,1785,16036,127118,29,214,30,127119,26715,6542,215,35060,127120],"class_list":{"0":"post-510705","1":"post","2":"type-post","3":"status-publish","4":"format-standard","5":"has-post-thumbnail","7":"category-buecher","8":"tag-schulbus","9":"tag-books","10":"tag-buecher","11":"tag-bushaltestelle","12":"tag-ccs","13":"tag-deutschland","14":"tag-entertainment","15":"tag-germany","16":"tag-provinzschrei","17":"tag-suhl","18":"tag-thema-kultur","19":"tag-unterhaltung","20":"tag-wladimir-kaminer","21":"tag-wuehlmaeuse"},"share_on_mastodon":{"url":"","error":""},"_links":{"self":[{"href":"https:\/\/www.europesays.com\/de\/wp-json\/wp\/v2\/posts\/510705","targetHints":{"allow":["GET"]}}],"collection":[{"href":"https:\/\/www.europesays.com\/de\/wp-json\/wp\/v2\/posts"}],"about":[{"href":"https:\/\/www.europesays.com\/de\/wp-json\/wp\/v2\/types\/post"}],"author":[{"embeddable":true,"href":"https:\/\/www.europesays.com\/de\/wp-json\/wp\/v2\/users\/2"}],"replies":[{"embeddable":true,"href":"https:\/\/www.europesays.com\/de\/wp-json\/wp\/v2\/comments?post=510705"}],"version-history":[{"count":0,"href":"https:\/\/www.europesays.com\/de\/wp-json\/wp\/v2\/posts\/510705\/revisions"}],"wp:featuredmedia":[{"embeddable":true,"href":"https:\/\/www.europesays.com\/de\/wp-json\/wp\/v2\/media\/510706"}],"wp:attachment":[{"href":"https:\/\/www.europesays.com\/de\/wp-json\/wp\/v2\/media?parent=510705"}],"wp:term":[{"taxonomy":"category","embeddable":true,"href":"https:\/\/www.europesays.com\/de\/wp-json\/wp\/v2\/categories?post=510705"},{"taxonomy":"post_tag","embeddable":true,"href":"https:\/\/www.europesays.com\/de\/wp-json\/wp\/v2\/tags?post=510705"}],"curies":[{"name":"wp","href":"https:\/\/api.w.org\/{rel}","templated":true}]}}