{"id":510707,"date":"2025-10-19T11:33:24","date_gmt":"2025-10-19T11:33:24","guid":{"rendered":"https:\/\/www.europesays.com\/de\/510707\/"},"modified":"2025-10-19T11:33:24","modified_gmt":"2025-10-19T11:33:24","slug":"samstag-18-oktober-2025-quotenmeter-de","status":"publish","type":"post","link":"https:\/\/www.europesays.com\/de\/510707\/","title":{"rendered":"Samstag, 18. Oktober 2025 \u2013 Quotenmeter.de"},"content":{"rendered":"<p itemprop=\"description\">Gelang ProSieben mit seinem Padel-Event ein Aufschlag &#8211; oder musste man sich Schlager geschlagen geben? <\/p>\n<p><img decoding=\"async\" class=\"img-right\" src=\"https:\/\/www.europesays.com\/de\/wp-content\/uploads\/2025\/10\/zdf_2022_logo__W200xh0.jpg\" onerror=\"this.style.display=\" none=\"\"\/>Trotz Shows, Events und Fu\u00dfball prangte das <a class=\"tag\" href=\"http:\/\/www.quotenmeter.de\/cms\/?qry=%22ZDF%22\" title=\"Alles zum TV-Sender\u00a0ZDF\" rel=\"nofollow noopener\" target=\"_blank\">ZDF<\/a> wieder mal mit einem Krimi ganz oben: Die h\u00f6chsten Zuschauerzahlen beim Gesamtpublikum fuhr sie also ein, die neue Folge <b>\u00abStralsund: Ablaufdatum\u00bb<\/b>, welche ab 20.15 Uhr auf sehr beachtliche 24,4 Prozent bei insgesamt 5,26 Millionen kam &#8211; eine sehr gute Leistung, die den Primetime-Sieg erm\u00f6glichte. Bei den 14-49-J\u00e4hrigen konnte der Krimi nur durchwachsen performen, hier waren 6,2 Prozent bei einer dazugeh\u00f6rigen Reichweite von 0,22 Millionen drin.<\/p>\n<p>Das Erste fuhr gestern dagegen eine neue Ausgabe <b>\u00abSchlagerbooom\u00bb<\/b> auf und sicherte damit Platz 2 beim Gesamtpublikum. Silbereisen konnte einen vorzeigbaren Anteil von 19,9 Prozent angeln, die Reichweite blieb mit erfreulichen 3,93  Millionen etwas hinter der Mainzer Anstalt. Bei den J\u00fcngeren lag die Schlager-\u00dcbertragung hingegen vor allen anderen Programmen, weil \u00fcberdurchschnittliche 12,7 Prozent (0,45 Millionen) heraussprangen- hier lag man sogar vor <a class=\"tag\" href=\"http:\/\/www.quotenmeter.de\/cms\/?qry=%22ProSieben%22\" title=\"Alles zum TV-Sender\u00a0ProSieben\" rel=\"nofollow noopener\" target=\"_blank\">ProSieben<\/a> zur Hauptsendezeit. Verpasst wurde der Sieg bei den J\u00fcngeren folglich von den Unterf\u00f6hringern. Dort lief das Event <b>\u00abPromi Padel WM\u00bb<\/b> nicht vor einem zweistelligen Niveau und wies m\u00e4\u00dfig passable 9,3 Zielgruppen-Prozent durch 0,32 Millionen auf. Insgesamt sahen den Sport-Abend nur 0,56 Millionen zu niedrigen 3,1 Prozent.<\/p>\n<p>Beim jungen Publikum kam <a class=\"tag\" href=\"http:\/\/www.quotenmeter.de\/cms\/?qry=%22RTL%22\" title=\"Alles zum TV-Sender\u00a0RTL\" rel=\"nofollow noopener\" target=\"_blank\">RTL<\/a> mit <b>\u00ab2. Bundesliga live\u00bb<\/b> auf f\u00fcr eigene Verh\u00e4ltnisse mittelpr\u00e4chtige 8,5 Prozent aufgrund 0,30 Millionen Umworbener. Die \u00c4lteren waren zu 0,99 Millionen beziehungsweise ganz schmalen 4,6 Prozent vertreten. Halbzeit zwei steigerte sich wenigstens noch auf 9,0 und 6,3 Prozent in den Gruppen. Schwacher Trost: Man hielt sich noch knapp vor <a class=\"tag\" href=\"http:\/\/www.quotenmeter.de\/cms\/?qry=%22Sat.1%22\" title=\"Alles zum TV-Sender\u00a0Sat.1\" rel=\"nofollow noopener\" target=\"_blank\">Sat.1<\/a>, wo eine Eddie Murphy-Wiederholung lief. Auf f\u00fcr den Kanal dennoch d&#8217;accord gehendem Level von 8,1 Zielgruppen-Prozent durch 0,29 Millionen bewegte sich <b>\u00abDer Prinz aus Zamunda 2\u00bb<\/b> noch. Insgesamt sahen den Streifen 0,81 Millionen zu wahrlich geringen 3,8 Prozent. \u00abPromi Big Brother\u00bb konnte sich im Anschluss steigern (siehe eigener Artikel)<\/p>\n<p>\nIn der Zielgruppe noch ein St\u00fcck dahinter lag <a class=\"tag\" href=\"http:\/\/www.quotenmeter.de\/cms\/?qry=%22VOX%22\" title=\"Alles zum TV-Sender\u00a0VOX\" rel=\"nofollow noopener\" target=\"_blank\">VOX<\/a> mit der erneuten Auff\u00fchrung <a class=\"tag\" title=\"Alles zum Kino-Film\u00a0\" href=\"https:\/\/www.quotenmeter.de\/m\/657\/fifty-shades-of-grey-befreite-lust\" rel=\"nofollow noopener\" target=\"_blank\"><b>\u00abFifty Shades of Grey \u0096 Befreite Lust\u00bb<\/b><\/a>\u00a0<a style=\"font-weight:bold; color:#eb9800; text-decoration:none !important;\" target=\"_blank\" href=\"http:\/\/www.fernsehplan.de\/?qry=%22Fifty+Shades+of+Grey+%96+Befreite+Lust%22\" title=\"Fifty\u00a0Shades\u00a0of\u00a0Grey\u00a0\u0096\u00a0Befreite\u00a0Lust aktuell im TV\" rel=\"nofollow noopener\">\u25ba<\/a>. F\u00fcr jene setzte es eine Reichweite von 0,16 Millionen Werberelevanten und deutlich tr\u00fcben 4,3 Prozent. Insgesamt liefs f\u00fcr die Erotik-Programmierung im Angesicht 0,53 Millionen zu 2,5 Prozent extrem mies. Kabel Eins war mit der ersten <b>\u00abFBI: Special Crime Unit\u00bb<\/b>-Wiederholung zum Primetime-Start gestern nicht ganz hinten, sondern hievte sich zun\u00e4chst knapp vor ein weiter sehr angeschlagenes RTLZWEI: Die erste wiederholte Episode konnte dennoch nur ern\u00fcchternde 2,6 Zielgruppen-Prozent durch 0,09 Millionen verbuchen, nach 21.15 Uhr ging es schlie\u00dflich auf brutal \u00fcble 1,9 Prozent (0,07 Millionen) runter. Tats\u00e4chlich aber noch ern\u00fcchternder stand gestern aber erneut <a class=\"tag\" href=\"http:\/\/www.quotenmeter.de\/cms\/?qry=%22RTLZWEI%22\" title=\"Alles zum TV-Sender\u00a0RTLZWEI\" rel=\"nofollow noopener\" target=\"_blank\">RTLZWEI<\/a> mit alten Hartz IV-Storys da: <b>\u00abArmes Deutschland \u0096 Stempeln oder abrackern?\u00bb<\/b> bewegte sich auf dem gravierend niedrigen Vorwochen-Niveau von blo\u00df 0,08 Millionen, aus denen verheerende 2,3 Prozent (Zielgruppe) resultierten. Erst nach 22.15 Uhr ging es f\u00fcr <b>\u00abHartes Deutschland\u00bb<\/b> mit 4,2 Prozent zu 0,14 Millionen in eine gerade so annehmbare Range.<br \/>\n <img loading=\"lazy\" decoding=\"async\" src=\"https:\/\/www.europesays.com\/de\/wp-content\/uploads\/2025\/10\/345abc15a72e47e88fe6d3abf1a683aa.gif\" height=\"1\" width=\"1\" border=\"0\"\/><\/p>\n<p>\u00a9 AGF Videoforschung in Zusammenarbeit mit GfK; videoSCOPE 1.3, Marktstandard: TV. Zuschauer ab 3 Jahren und 14-49 Jahre (Vorl\u00e4ufige Daten), BRD gesamt\/ Fernsehpanel D+EU Millionen und Marktanteile in %.<\/p>\n","protected":false},"excerpt":{"rendered":"Gelang ProSieben mit seinem Padel-Event ein Aufschlag &#8211; oder musste man sich Schlager geschlagen geben? Trotz Shows, Events&hellip;\n","protected":false},"author":2,"featured_media":477102,"comment_status":"","ping_status":"","sticky":false,"template":"","format":"standard","meta":{"footnotes":""},"categories":[1773],"tags":[127123,127124,29,214,30,127122,69325,471,1780,127121,215],"class_list":{"0":"post-510707","1":"post","2":"type-post","3":"status-publish","4":"format-standard","5":"has-post-thumbnail","7":"category-serien","8":"tag-2-bundesliga-live","9":"tag-der-prinz-aus-zamunda-2","10":"tag-deutschland","11":"tag-entertainment","12":"tag-germany","13":"tag-promi-padel-wm","14":"tag-schlagerbooom","15":"tag-serien","16":"tag-series","17":"tag-stralsund-ablaufdatum","18":"tag-unterhaltung"},"share_on_mastodon":{"url":"https:\/\/pubeurope.com\/@de\/115400619350381906","error":""},"_links":{"self":[{"href":"https:\/\/www.europesays.com\/de\/wp-json\/wp\/v2\/posts\/510707","targetHints":{"allow":["GET"]}}],"collection":[{"href":"https:\/\/www.europesays.com\/de\/wp-json\/wp\/v2\/posts"}],"about":[{"href":"https:\/\/www.europesays.com\/de\/wp-json\/wp\/v2\/types\/post"}],"author":[{"embeddable":true,"href":"https:\/\/www.europesays.com\/de\/wp-json\/wp\/v2\/users\/2"}],"replies":[{"embeddable":true,"href":"https:\/\/www.europesays.com\/de\/wp-json\/wp\/v2\/comments?post=510707"}],"version-history":[{"count":0,"href":"https:\/\/www.europesays.com\/de\/wp-json\/wp\/v2\/posts\/510707\/revisions"}],"wp:featuredmedia":[{"embeddable":true,"href":"https:\/\/www.europesays.com\/de\/wp-json\/wp\/v2\/media\/477102"}],"wp:attachment":[{"href":"https:\/\/www.europesays.com\/de\/wp-json\/wp\/v2\/media?parent=510707"}],"wp:term":[{"taxonomy":"category","embeddable":true,"href":"https:\/\/www.europesays.com\/de\/wp-json\/wp\/v2\/categories?post=510707"},{"taxonomy":"post_tag","embeddable":true,"href":"https:\/\/www.europesays.com\/de\/wp-json\/wp\/v2\/tags?post=510707"}],"curies":[{"name":"wp","href":"https:\/\/api.w.org\/{rel}","templated":true}]}}