{"id":510716,"date":"2025-10-19T11:38:12","date_gmt":"2025-10-19T11:38:12","guid":{"rendered":"https:\/\/www.europesays.com\/de\/510716\/"},"modified":"2025-10-19T11:38:12","modified_gmt":"2025-10-19T11:38:12","slug":"andrej-mangold-kehrt-nach-voting-panne-zurueck","status":"publish","type":"post","link":"https:\/\/www.europesays.com\/de\/510716\/","title":{"rendered":"Andrej Mangold kehrt nach Voting-Panne zur\u00fcck"},"content":{"rendered":"<p>Voting-Panne bei Sat.1 <\/p>\n<p>Wende bei &#8222;Promi Big Brother&#8220; \u2013 Ex-Bewohner kehrt zur\u00fcck<\/p>\n<p>19.10.2025 &#8211; 13:08 UhrLesedauer: 2 Min.<\/p>\n<p><a href=\"#focus-0\" class=\"transition-colors duration-200 block text-current relative\" data-sctrack=\"FocusGalleryImage.Reference\"><img fetchpriority=\"high\" data-testid=\"Opener.Image\" style=\"--lqipURL:url('https:\/\/images.t-online.de\/2025\/10\/5GaAGOZKF0mk\/0x5:2100x1181\/fit-in\/150x0\/filters:blur(25)\/promi-big-brother-sieben-stars-sind-aktuell-noch-im-rennen.jpg')\"   loading=\"eager\" src=\"https:\/\/www.europesays.com\/de\/wp-content\/uploads\/2025\/10\/promi-big-brother-sieben-stars-sind-aktuell-noch-im-rennen.jpg\" alt=\"&quot;Promi Big Brother&quot;: Sieben Stars sind aktuell noch im Rennen.\" title=\"&quot;Promi Big Brother&quot;: Sieben Stars sind aktuell noch im Rennen.\" width=\"2100\" height=\"1181\" class=\"bg-[url:var(--lqipURL)] bg-cover bg-center flex h-full w-full max-w-full\" decoding=\"async\"\/><img style=\"--width:32;--height:32\" loading=\"lazy\" src=\"https:\/\/www.t-online.de\/s\/paper\/_next\/static\/media\/zoom-in.f7dae02f.svg\" alt=\"Vergr\u00f6\u00dfern des Bildes\" title=\"Vergr\u00f6\u00dfern des Bildes\" class=\"block h-[calc(var(--height)_\/_16_*_1rem)] w-[calc(var(--width)_\/_16_*_1rem)] max-w-none absolute bottom-8 right-8 rounded-4 bg-snow p-8\" decoding=\"async\"\/><\/a><\/p>\n<p>&#8222;Promi Big Brother&#8220;: Acht Stars sind aktuell noch im Rennen. (Quelle: Joyn\/Marc Rehbeck)<\/p>\n<p class=\"font-bold text-18 leading-17\">Bei &#8222;Promi Big Brother&#8220; sorgt ein technisches Malheur f\u00fcr eine spektakul\u00e4re Kehrtwende im Spielverlauf. Ein ausgeschiedener Star kehrt zur\u00fcck.<\/p>\n<p class=\"text-18 leading-17\">F\u00fcnf Stars standen am Samstagabend auf der Nominierungsliste. F\u00fcr einen von ihnen sollte das TV-Format &#8222;Promi Big Brother&#8220; eigentlich enden. <a class=\"transition-colors duration-200 cursor-pointer text-inherit no-underline text-salemsfur md:hover:text-magenta md:hover:border-magenta md:focus:text-magenta border-current border-b border-solid break-words\" href=\"https:\/\/www.t-online.de\/themen\/andrej-mangold\/\" data-sctrack=\"BodyAnchor\" target=\"_blank\" rel=\"noopener\">Andrej Mangold<\/a> bekam die wenigsten Anrufe und musste kurz nach Mitternacht die Show verlassen. Doch nur wenige Stunden sp\u00e4ter ist der Ex-Bachelor wieder zur\u00fcck.<\/p>\n<p class=\"text-18 leading-17\">Wie <a class=\"transition-colors duration-200 cursor-pointer text-inherit no-underline text-salemsfur md:hover:text-magenta md:hover:border-magenta md:focus:text-magenta border-current border-b border-solid break-words\" href=\"https:\/\/www.t-online.de\/themen\/sat-1\/\" data-sctrack=\"BodyAnchor\" target=\"_blank\" rel=\"noopener\">Sat.1<\/a> bekannt gibt, gab es bei der Abstimmung eine Panne. &#8222;Beim Telefon- und SMS-Voting der Zuschauer kam es zu einem technischen Fehler, sodass nicht alle Stimmen f\u00fcr Andrej korrekt eingegangen sind&#8220;, hei\u00dft es in einer Pressemitteilung des Senders. &#8222;Big Brother steht immer f\u00fcr Fairness und Transparenz \u2013 auch in diesem Fall. Deshalb darf Andrej umgehend ins Haus zur\u00fcckkehren.&#8220;<\/p>\n<p class=\"text-18 leading-17\">Der ehemalige Bachelor wird um 14 Uhr zur\u00fcck auf den Rohbau ziehen. Den Einzug k\u00f6nnen Fans \u00fcber Joyn im Livestream verfolgen. Auf Sat.1 ist das Spektakel ab 22.30 Uhr zu sehen. In der Liveshow heute Abend wird erneut jemand das Haus verlassen m\u00fcssen.<\/p>\n<p class=\"text-18 leading-17\">Hierzu startete bereits gestern Abend ein Voting. Alle restlichen Bewohner waren automatisch nominiert. Diese Abstimmung wird nun gestoppt. &#8222;Ab 14 Uhr startet das Voting per Telefon, SMS und \u00fcber die Joyn-App neu. Alle Anrufe und SMS der Zuschauer, die sich seit gestern Abend mit Abgabe ihrer Stimme auch am laufenden Gewinnspiel beteiligt haben, bleiben f\u00fcr das Gewinnspiel erhalten.&#8220;<\/p>\n<p class=\"text-18 leading-17\">Gestern Abend hatten <a class=\"transition-colors duration-200 cursor-pointer text-inherit no-underline text-salemsfur md:hover:text-magenta md:hover:border-magenta md:focus:text-magenta border-current border-b border-solid break-words\" href=\"https:\/\/www.t-online.de\/themen\/marlene-lufen\/\" data-sctrack=\"BodyAnchor\" target=\"_blank\" rel=\"noopener\">Marlene Lufen<\/a> und <a class=\"transition-colors duration-200 cursor-pointer text-inherit no-underline text-salemsfur md:hover:text-magenta md:hover:border-magenta md:focus:text-magenta border-current border-b border-solid break-words\" href=\"https:\/\/www.t-online.de\/themen\/jochen-schropp\/\" data-sctrack=\"BodyAnchor\" target=\"_blank\" rel=\"noopener\">Jochen Schropp<\/a> bekannt gegeben, dass zwei Promis am Sonntagabend gehen m\u00fcssen. Wie t-online wei\u00df, wird es bei den zwei Exits heute Abend bleiben. Somit stehen dann sechs Promis im Finale.<\/p>\n<p class=\"text-18 leading-17\">Das gro\u00dfe Finale von &#8222;Promi Big Brother&#8220; findet am Montagabend statt. Dann entscheidet sich, wer die 13. Staffel als Sieger verl\u00e4sst. Diese Stars sind nun noch im Rennen: Designer <a class=\"transition-colors duration-200 cursor-pointer text-inherit no-underline text-salemsfur md:hover:text-magenta md:hover:border-magenta md:focus:text-magenta border-current border-b border-solid break-words\" href=\"https:\/\/www.t-online.de\/themen\/harald-gloeoeckler\/\" data-sctrack=\"BodyAnchor\" target=\"_blank\" rel=\"noopener\">Harald Gl\u00f6\u00f6ckler<\/a>, Promispross <a class=\"transition-colors duration-200 cursor-pointer text-inherit no-underline text-salemsfur md:hover:text-magenta md:hover:border-magenta md:focus:text-magenta border-current border-b border-solid break-words\" href=\"https:\/\/www.t-online.de\/themen\/jimi-blue-ochsenknecht\/\" data-sctrack=\"BodyAnchor\" target=\"_blank\" rel=\"noopener\">Jimi Blue Ochsenknecht<\/a>, Content Creator Satansbratan, TikTokerin Karina &#8222;Karina2you&#8220; Kipp, &#8222;K11&#8220;-Darsteller Michael Naseband, Musiker Achim Petry, Realitystar Laura Lettgen, bekannt als Laura Blond, und nun auch wieder Andrej Mangold.<\/p>\n","protected":false},"excerpt":{"rendered":"Voting-Panne bei Sat.1 Wende bei &#8222;Promi Big Brother&#8220; \u2013 Ex-Bewohner kehrt zur\u00fcck 19.10.2025 &#8211; 13:08 UhrLesedauer: 2 Min.&hellip;\n","protected":false},"author":2,"featured_media":510717,"comment_status":"","ping_status":"","sticky":false,"template":"","format":"standard","meta":{"footnotes":""},"categories":[155],"tags":[14220,119401,29,214,30,106125,9901,22819,9808,117881,127126,7416,13002,4451,94345,226,215],"class_list":{"0":"post-510716","1":"post","2":"type-post","3":"status-publish","4":"format-standard","5":"has-post-thumbnail","7":"category-unterhaltung","8":"tag-big-brother","9":"tag-desiree-nick","10":"tag-deutschland","11":"tag-entertainment","12":"tag-germany","13":"tag-harald-gloeoeckler","14":"tag-joyn","15":"tag-kehrtwende","16":"tag-mangold","17":"tag-marlene-lufen","18":"tag-nominierungsliste","19":"tag-promi-big-brother","20":"tag-sat-1","21":"tag-sms","22":"tag-spielverlauf","23":"tag-t-online","24":"tag-unterhaltung"},"share_on_mastodon":{"url":"https:\/\/pubeurope.com\/@de\/115400639622603784","error":""},"_links":{"self":[{"href":"https:\/\/www.europesays.com\/de\/wp-json\/wp\/v2\/posts\/510716","targetHints":{"allow":["GET"]}}],"collection":[{"href":"https:\/\/www.europesays.com\/de\/wp-json\/wp\/v2\/posts"}],"about":[{"href":"https:\/\/www.europesays.com\/de\/wp-json\/wp\/v2\/types\/post"}],"author":[{"embeddable":true,"href":"https:\/\/www.europesays.com\/de\/wp-json\/wp\/v2\/users\/2"}],"replies":[{"embeddable":true,"href":"https:\/\/www.europesays.com\/de\/wp-json\/wp\/v2\/comments?post=510716"}],"version-history":[{"count":0,"href":"https:\/\/www.europesays.com\/de\/wp-json\/wp\/v2\/posts\/510716\/revisions"}],"wp:featuredmedia":[{"embeddable":true,"href":"https:\/\/www.europesays.com\/de\/wp-json\/wp\/v2\/media\/510717"}],"wp:attachment":[{"href":"https:\/\/www.europesays.com\/de\/wp-json\/wp\/v2\/media?parent=510716"}],"wp:term":[{"taxonomy":"category","embeddable":true,"href":"https:\/\/www.europesays.com\/de\/wp-json\/wp\/v2\/categories?post=510716"},{"taxonomy":"post_tag","embeddable":true,"href":"https:\/\/www.europesays.com\/de\/wp-json\/wp\/v2\/tags?post=510716"}],"curies":[{"name":"wp","href":"https:\/\/api.w.org\/{rel}","templated":true}]}}