{"id":510724,"date":"2025-10-19T11:42:20","date_gmt":"2025-10-19T11:42:20","guid":{"rendered":"https:\/\/www.europesays.com\/de\/510724\/"},"modified":"2025-10-19T11:42:20","modified_gmt":"2025-10-19T11:42:20","slug":"fleisch-von-kranken-kuehen-verkauft-schlachthof-chef-vor-gericht","status":"publish","type":"post","link":"https:\/\/www.europesays.com\/de\/510724\/","title":{"rendered":"Fleisch von kranken K\u00fchen verkauft? Schlachthof-Chef vor Gericht"},"content":{"rendered":"<p>        Fleisch von kranken K\u00fchen verkauft? Schlachthof-Chef vor Gericht | ndr.de<\/p>\n<p>    <a id=\"anchor-content\"\/><\/p>\n<p>        <img decoding=\"async\" src=\"https:\/\/www.europesays.com\/de\/wp-content\/uploads\/2025\/10\/prozess6084.webp\" alt=\"Ein Justizbeamter steht vor dem Amtsgericht Bad Iburg.\" title=\"Ein Justizbeamter steht vor dem Amtsgericht Bad Iburg. | dpa-Bildfunk, Friso Gentsch\" class=\"responsive\"\/><\/p>\n<p>\n            Stand: 19.10.2025 10:24 Uhr<\/p>\n<p class=\"preface\">Tiersch\u00fctzer machten 2018 Tierqu\u00e4lerei in einem Schlachthof in Bad Iburg \u00f6ffentlich. Die Verantwortlichen kamen vor Gericht. Ab Montag steht der Gesch\u00e4ftsf\u00fchrer erneut vor Gericht &#8211; diesmal wegen Betrugs.<\/p>\n<p class=\"textauthor\">von Lena Bathge<\/p>\n<p class=\"\">In mehr als 100 F\u00e4llen soll der Mann laut Staatsanwaltschaft Oldenburg Fleisch weiterverkauft haben, das von kranken K\u00fchen stammte und f\u00fcr den menschlichen Verzehr ungeeignet war. Damit soll er einen Erl\u00f6s von mehreren Hunderttausend Euro erzielt haben. Die Anklage wirft ihm deshalb gewerbsm\u00e4\u00dfigen Betrug und Versto\u00df gegen das Lebensmittelgesetz vor. Am Montag beginnt der Prozess am Amtsgericht Bad Iburg. Gem\u00e4\u00df der Lebensmittelbasisverordnung m\u00fcssen alle Tiere vor der Schlachtung einer sogenannten Lebendschau unterzogen werden. Dabei sollen Krankheiten festgestellt werden. Erst danach entscheidet sich, ob das Fleisch der Tiere f\u00fcr den Konsum durch Menschen freigegeben werden kann.<\/p>\n<p>    Vorwurf: Tiere wurden nicht auf Krankheiten untersucht<\/p>\n<p class=\"\">Diese Untersuchungen habe es aber gar nicht oder nur sehr sporadisch gegeben, so die Staatsanwaltschaft. Trotzdem sei das Fleisch der kranken Tiere mit einem Tauglichkeitsstempel weiterverkauft worden. In der ersten Verhandlung gegen den Gesch\u00e4ftsf\u00fchrer wegen Tierqu\u00e4lerei waren Fragen \u00fcber die Durchf\u00fchrung der Lebendschauen aufgekommen, so eine Sprecherin des Amtsgerichts. Deshalb wurden die Ermittlungen erneut aufgenommen. Erst jetzt &#8211; rund sieben Jahre nach Bekanntwerden der Vorf\u00e4lle &#8211; kommt es deshalb zum Prozess wegen Betrugs. Auch gegen die beiden Tier\u00e4rzte, die die Rinder h\u00e4tten untersuchen sollen, hatten Polizei und Staatsanwaltschaft ermittelt. Ob es gegen sie ebenfalls zur Verhandlung kommt, entscheidet sich laut Amtsgericht aber erst, wenn der Prozess gegen den Gesch\u00e4ftsf\u00fchrer des Schlachthofes abgeschlossen ist.<\/p>\n<p>        <img decoding=\"async\" src=\"https:\/\/www.europesays.com\/de\/wp-content\/uploads\/2025\/10\/landgericht554.webp\" alt=\"Au\u00dfenansicht vom Landgericht Osnabr\u00fcck mit dem Schriftzug Landgericht und dem Wappen von Niedersachsen.\" title=\"Au\u00dfenansicht vom Landgericht Osnabr\u00fcck mit dem Schriftzug Landgericht und dem Wappen von Niedersachsen. | picture alliance \/ Fotostand, Gelhot\" class=\"responsive\" loading=\"lazy\"\/><\/p>\n<p>Er soll einen transportunf\u00e4higen Bullen zu einem Schlachthof in Bad Iburg gebracht und aus dem Transporter gezogen haben.<\/p>\n<p>    Tiersch\u00fctzer filmten die Qu\u00e4lereien heimlich<\/p>\n<p>                    <a href=\"https:\/\/www.europesays.com\/de\/wp-content\/uploads\/2025\/10\/tieraerzte214.webp\" class=\"zoomimage\" title=\"Bild vergr\u00f6\u00dfern\"><\/p>\n<p>        <img decoding=\"async\" src=\"https:\/\/www.europesays.com\/de\/wp-content\/uploads\/2025\/10\/tieraerzte214.webp\" alt=\"Tiersch\u00fctzer protestieren mit einem Transparent &quot;Wir protestieren gegen Tierqu\u00e4lerei!&quot; vor dem Amtsgericht.\" title=\"Bei einem fr\u00fcheren Prozess gegen den Gesch\u00e4ftsf\u00fchrer protestierten Tiersch\u00fctzer vor dem Amtsgericht Bad Iburg. Sie wollen auch diesmal wieder demonstrieren. | picture alliance\/dpa | Friso Gentsch, Friso Gentsch\" class=\"responsive\" loading=\"lazy\"\/><\/p>\n<p>                    <\/a><\/p>\n<p>                    Bei einem fr\u00fcheren Prozess gegen den Gesch\u00e4ftsf\u00fchrer protestierten Tiersch\u00fctzer vor dem Amtsgericht Bad Iburg. Sie wollen auch diesmal wieder demonstrieren.<\/p>\n<p class=\"\">Die Tierrechtsorganisation &#8222;Soko Tierschutz&#8220; hatte die F\u00e4lle von Tierqu\u00e4lerei in dem Schlachthof in Bad Iburg 2018 bekannt gemacht. Sie legten den Ermittlern Hunderte heimlich aufgenommene Videosequenzen vor. Darauf zu sehen: Kranke oder verletzte Tiere, die mit Eisenstangen geschlagen, mit Elektroschocks traktiert oder ohne Bet\u00e4ubung mit Seilwinden aus den Anh\u00e4ngern gezogen wurden. Die Staatsanwaltschaft erhob Anklage gegen mehr als 40 Personen, darunter neben den Mitarbeitenden des Schlachthofs auch Unternehmer und Fahrer von Tier-Transportern.<\/p>\n<p>    Gesch\u00e4ftsf\u00fchrer wegen Tierqu\u00e4lerei verurteilt, Veterin\u00e4re freigesprochen<\/p>\n<p class=\"\">Der Gesch\u00e4ftsf\u00fchrer des Schlachthofes soll dabei an rund 60 F\u00e4llen von Tierqu\u00e4lerei beteiligt gewesen sein. Das Amtsgericht Bad Iburg verurteilte ihn 2022 zu einer Strafe von zwei Jahren auf Bew\u00e4hrung und einer Geldstrafe von 3.000 Euro. Bei einer erneuten Verurteilung wegen gewerbsm\u00e4\u00dfigen Betrugs und Versto\u00dfes gegen das Lebensmittelgesetz droht ihm eine Strafe von zwischen einem und bis zu zehn Jahren Haft. Die Tier\u00e4rzte waren im ersten Prozess wegen Tierqu\u00e4lerei aus Mangel an Beweisen freigesprochen worden.<\/p>\n<p>        <img decoding=\"async\" src=\"https:\/\/www.europesays.com\/de\/wp-content\/uploads\/2025\/10\/badiburg316.webp\" alt=\"Ein Tischmikrofon ist vor einem Angeklagten in einem Saal vom Amtsgericht zu sehen.\" title=\"Ein Tischmikrofon ist vor einem Angeklagten in einem Saal vom Amtsgericht zu sehen. | picture alliance\/dpa, Friso Gentsch\" class=\"responsive\" loading=\"lazy\"\/><\/p>\n<p>Der fr\u00fchere Gesch\u00e4ftsf\u00fchrer wurde zu zwei Jahren Haft auf Bew\u00e4hrung verurteilt. Aktivisten kritisieren die Entscheidung.<\/p>\n<p>        <img decoding=\"async\" src=\"https:\/\/www.europesays.com\/de\/wp-content\/uploads\/2025\/09\/regionalos100.webp\" alt=\"Das historische Rathaus von Osnabr\u00fcck.\" title=\"Das historische Rathaus von Osnabr\u00fcck. | Stadt Osnabr\u00fcck, Referat Medien und \u00d6ffentlichkeitsarbeit, Dr. Sven J\u00fcrgensen\" class=\"responsive\" loading=\"lazy\"\/><\/p>\n<p>Was in Ihrer Region wichtig ist, h\u00f6ren Sie in dem Mitschnitt der 15.00 Uhr Regional-Nachrichten auf NDR 1 Niedersachsen.<\/p>\n<p>        <img decoding=\"async\" src=\"https:\/\/www.europesays.com\/de\/wp-content\/uploads\/2025\/10\/badbentheim-100.webp\" alt=\"Die Feuerwehr l\u00f6scht ein brennendes Wohnhaus.\" title=\"Die Feuerwehr l\u00f6scht ein brennendes Wohnhaus. | NonstopNews\" class=\"responsive\" loading=\"lazy\"\/><\/p>\n<p>Erst fing das Essen auf dem Herd Feuer, dann brannte der Dachstuhl. Menschen wurden bei dem Feuer in Bad Bentheim nicht verletzt.<\/p>\n<p>        <img decoding=\"async\" src=\"https:\/\/www.europesays.com\/de\/wp-content\/uploads\/2025\/10\/kuehe574.webp\" alt=\"K\u00fche der Rasse Simmentaler Fleckvieh auf einer Weide in Mecklenburg-Vorpommern.\" title=\"K\u00fche der Rasse Simmentaler Fleckvieh auf einer Weide in Mecklenburg-Vorpommern. | picture alliance \/ ZB, Jens B\u00fcttner\" class=\"responsive\" loading=\"lazy\"\/><\/p>\n<p>Rinder und Schafe sto\u00dfen bei der Verdauung Methangas aus. Das hat den gr\u00f6\u00dften Anteil an Niedersachsens Agraremissionen.<\/p>\n<p>        <img decoding=\"async\" src=\"https:\/\/www.europesays.com\/de\/wp-content\/uploads\/2025\/10\/flucht-248.webp\" alt=\"Gefl\u00fcchtete verlassen die Landesaufnahmebeh\u00f6rde Niedersachsen am Standort Braunschweig.\" title=\"Gefl\u00fcchtete verlassen die Landesaufnahmebeh\u00f6rde Niedersachsen am Standort Braunschweig. | Julian Stratenschulte\/dpa\" class=\"responsive\" loading=\"lazy\"\/><\/p>\n<p>Der Bund plant laut dem Fl\u00fcchtlingsrat Niedersachsen, die F\u00f6rderung von Asylprojekten durch EU-Mittel zu beenden. <\/p>\n<p>        <img decoding=\"async\" src=\"https:\/\/www.europesays.com\/de\/wp-content\/uploads\/2025\/10\/fleisch546.webp\" alt=\"Fleisch in einer Supermarkttheke.\" title=\"Fleisch in einer Supermarkttheke. | dpa-Bildfunk, Armin Weige\" class=\"responsive\" loading=\"lazy\"\/><\/p>\n<p>Die Anklage wirft dem Mann Betrug vor. Er wurde bereits 2022 wegen Tierqu\u00e4lerei auf dem Schlachthof in Bad Iburg verurteilt.<\/p>\n<p>        <img decoding=\"async\" src=\"https:\/\/www.europesays.com\/de\/wp-content\/uploads\/2025\/10\/agility-100.webp\" alt=\"Eine H\u00fcndin l\u00e4uft beim Agility-Training \u00fcber ein Brett.\" title=\"Eine H\u00fcndin l\u00e4uft beim Agility-Training \u00fcber ein Brett. | NDR\" class=\"responsive\" loading=\"lazy\"\/><\/p>\n<p>        <img decoding=\"async\" src=\"https:\/\/www.europesays.com\/de\/wp-content\/uploads\/2025\/10\/wildeshausen-126.webp\" alt=\"Ein zerst\u00f6rter Pkw steht auf der A1.\" title=\"Ein zerst\u00f6rter Pkw steht auf der A1. | NonstopNews\" class=\"responsive\" loading=\"lazy\"\/><\/p>\n","protected":false},"excerpt":{"rendered":"Fleisch von kranken K\u00fchen verkauft? Schlachthof-Chef vor Gericht | ndr.de Stand: 19.10.2025 10:24 Uhr Tiersch\u00fctzer machten 2018 Tierqu\u00e4lerei&hellip;\n","protected":false},"author":2,"featured_media":510725,"comment_status":"","ping_status":"","sticky":false,"template":"","format":"standard","meta":{"footnotes":""},"categories":[2],"tags":[127128,127127,53026,1483,29,30,17227,13,26916,14,127129,15,1269,63083,12,10094,10,8,9,11],"class_list":{"0":"post-510724","1":"post","2":"type-post","3":"status-publish","4":"format-standard","5":"has-post-thumbnail","7":"category-deutschland","8":"tag-aktuellarchivndsapp","9":"tag-aktuellarchivos","10":"tag-bad-iburg","11":"tag-betrug","12":"tag-deutschland","13":"tag-germany","14":"tag-geschaeftsfuehrer","15":"tag-headlines","16":"tag-lebensmittelindustrie","17":"tag-nachrichten","18":"tag-ndsapp","19":"tag-news","20":"tag-prozess","21":"tag-schlachthof","22":"tag-schlagzeilen","23":"tag-tierquaelerei","24":"tag-top-news","25":"tag-top-meldungen","26":"tag-topmeldungen","27":"tag-topnews"},"share_on_mastodon":{"url":"https:\/\/pubeurope.com\/@de\/115400655127661436","error":""},"_links":{"self":[{"href":"https:\/\/www.europesays.com\/de\/wp-json\/wp\/v2\/posts\/510724","targetHints":{"allow":["GET"]}}],"collection":[{"href":"https:\/\/www.europesays.com\/de\/wp-json\/wp\/v2\/posts"}],"about":[{"href":"https:\/\/www.europesays.com\/de\/wp-json\/wp\/v2\/types\/post"}],"author":[{"embeddable":true,"href":"https:\/\/www.europesays.com\/de\/wp-json\/wp\/v2\/users\/2"}],"replies":[{"embeddable":true,"href":"https:\/\/www.europesays.com\/de\/wp-json\/wp\/v2\/comments?post=510724"}],"version-history":[{"count":0,"href":"https:\/\/www.europesays.com\/de\/wp-json\/wp\/v2\/posts\/510724\/revisions"}],"wp:featuredmedia":[{"embeddable":true,"href":"https:\/\/www.europesays.com\/de\/wp-json\/wp\/v2\/media\/510725"}],"wp:attachment":[{"href":"https:\/\/www.europesays.com\/de\/wp-json\/wp\/v2\/media?parent=510724"}],"wp:term":[{"taxonomy":"category","embeddable":true,"href":"https:\/\/www.europesays.com\/de\/wp-json\/wp\/v2\/categories?post=510724"},{"taxonomy":"post_tag","embeddable":true,"href":"https:\/\/www.europesays.com\/de\/wp-json\/wp\/v2\/tags?post=510724"}],"curies":[{"name":"wp","href":"https:\/\/api.w.org\/{rel}","templated":true}]}}