{"id":510726,"date":"2025-10-19T11:43:10","date_gmt":"2025-10-19T11:43:10","guid":{"rendered":"https:\/\/www.europesays.com\/de\/510726\/"},"modified":"2025-10-19T11:43:10","modified_gmt":"2025-10-19T11:43:10","slug":"paris-louvre-bleibt-nach-raubueberfall-geschlossen","status":"publish","type":"post","link":"https:\/\/www.europesays.com\/de\/510726\/","title":{"rendered":"Paris: Louvre bleibt nach Raub\u00fcberfall geschlossen"},"content":{"rendered":"<p class=\"paragraph article__item\">Das weltber\u00fchmte Louvre-Museum<br \/>\n in <a class=\"rtr-entity\" href=\"https:\/\/www.zeit.de\/thema\/paris\" target=\"_blank\" rel=\"noopener\">Paris<\/a> ist nach Angaben der franz\u00f6sischen Kulturministerin\u00a0Rachida Dati \u00fcberfallen worden.\u00a0&#8222;Heute Morgen kam es bei der<br \/>\n\u00d6ffnung des Louvre-Museums zu einem<br \/>\nRaub\u00fcberfall&#8220;, <a href=\"https:\/\/x.com\/datirachida\/status\/1979828402405404895\" class=\"\" target=\"_blank\">schrieb Dati auf X<\/a>. Es sei niemand verletzt worden.\u00a0Die Ermittlungen laufen. Nach <a href=\"https:\/\/x.com\/MuseeLouvre\/status\/1979829326112858152\" class=\"\" target=\"_blank\">Angaben des Museums<\/a> bleibt der Louvre &#8222;aus au\u00dfergew\u00f6hnlichen Gr\u00fcnden&#8220; f\u00fcr den Tag geschlossen.\u00a0\n<\/p>\n<p class=\"paragraph article__item\">Ersten Ermittlungsergebnissen aus Polizeikreisen zufolge ereignete sich<br \/>\n der \u00dcberfall zwischen 9.30 und 9.40 Uhr. Der Wert der Beute werde derzeit noch ermittelt, hie\u00df es. Die mutma\u00dflichen<br \/>\nT\u00e4ter \u2013 nach\u00a0<a href=\"https:\/\/www.europe1.fr\/Police-Justice\/le-louvre-braque-ce-dimanche-matin-le-musee-ferme-pour-la-journee-808919\" class=\"\" target=\"_blank\" rel=\"noopener\">Berichten des Senders Europe 1<\/a>\u00a0zwei bis vier \u2013\u00a0kamen demnach mit Motorrollern vor dem Museum an, waren mit<br \/>\nkleinen Motors\u00e4gen ausger\u00fcstet und drangen \u00fcber einen Lastenaufzug in den<br \/>\n Museumsraum ein.\n<\/p>\n<p class=\"paragraph article__item\">Innenminister Laurent Nu\u00f1ez sagte, es sei &#8222;Schmuck von unsch\u00e4tzbarem Wert&#8220; gestohlen worden.\u00a0Das <a href=\"https:\/\/www.leparisien.fr\/paris-75\/le-musee-du-louvre-cible-dun-braquage-ce-dimanche-le-site-ferme-au-public-19-10-2025-DQII6PEIVVEDBM5KQMHDSCF6IM.php\" class=\"\" target=\"_blank\" rel=\"noopener\">franz\u00f6sische Medium Le Parisien<\/a>\u00a0berichtete, die Eindringlinge h\u00e4tten eine Vitrine zerschlagen und mehrere St\u00fccke aus<br \/>\n der Schmucksammlung Napoleons und der Kaiserin gestohlen. Eine Best\u00e4tigung daf\u00fcr gibt es noch nicht.\u00a0\n<\/p>\n<p class=\"paragraph article__item\">Laut Innenminister\u00a0Nu\u00f1ez dauerte\u00a0der \u00dcberfall nur sieben Minuten. Die Eindringenden h\u00e4tten die Lage vorher offenbar ausgekundschaftet. Die Staatsanwaltschaft Paris k\u00fcndigte an, eine Untersuchung wegen organisierten Diebstahls und krimineller Vereinigung zur Begehung einer Straftat einzuleiten.<\/p>\n<p class=\"paragraph article__item\">Das Louvre-Museum liegt mitten in Paris, es ist eines der meistbesuchten Museen in Frankreich. Wegen des <a href=\"https:\/\/www.zeit.de\/2025\/37\/louvre-museum-mona-lisa-umbau-sanierung-paris\" class=\"\" target=\"_blank\" rel=\"noopener\">hohen Besucherandrangs vor allem rund um die Mona Lisa von Leonardo da Vinci soll es umgebaut werden<\/a>. An dem Museum wird zudem \u00f6fter renoviert.\n<\/p>\n<p class=\"paragraph article__item\">Dieser Artikel wird weiter aktualisiert.\n<\/p>\n<p>            Louvre-Museum        <\/p>\n<p>Mehr zum Thema<\/p>\n<p>                <a href=\"https:\/\/www.zeit.de\/2025\/37\/louvre-museum-mona-lisa-umbau-sanierung-paris\" data-ct-label=\"Louvre-Museum: Das L\u00e4cheln wandert ins Untergeschoss \" target=\"_blank\" rel=\"noopener\"><\/p>\n<p>        Z+ (abopflichtiger Inhalt);<\/p>\n<p>    Louvre-Museum:<br \/>\n                        Das L\u00e4cheln wandert ins Untergeschoss <\/p>\n<p>                <\/a><\/p>\n<p>                <a href=\"https:\/\/www.zeit.de\/arbeit\/2025-06\/streik-louvre-personal-sicherheitskraefte-mona-lisa-paris\" data-ct-label=\"Streik im Louvre: &quot;Manchmal kommt es zu Rangeleien vor der Mona Lisa&quot;\" target=\"_blank\" rel=\"noopener\"><\/p>\n<p>                        Streik im Louvre:<br \/>\n                        &#8222;Manchmal kommt es zu Rangeleien vor der Mona Lisa&#8220;<\/p>\n<p>                <\/a><\/p>\n<p>                <a href=\"https:\/\/www.zeit.de\/kultur\/2025-02\/mona-lisa-kunst-leonardo-da-vinci-gemaelde-louvre-paris\" data-ct-label=\"Mona Lisa: Da kann sie nur l\u00e4cheln\" target=\"_blank\" rel=\"noopener\"><\/p>\n<p>                        Mona Lisa:<br \/>\n                        Da kann sie nur l\u00e4cheln<\/p>\n<p>                <\/a><\/p>\n","protected":false},"excerpt":{"rendered":"Das weltber\u00fchmte Louvre-Museum in Paris ist nach Angaben der franz\u00f6sischen Kulturministerin\u00a0Rachida Dati \u00fcberfallen worden.\u00a0&#8222;Heute Morgen kam es bei&hellip;\n","protected":false},"author":2,"featured_media":510727,"comment_status":"","ping_status":"","sticky":false,"template":"","format":"standard","meta":{"footnotes":""},"categories":[5],"tags":[1686,13,80,2075,26165,14,15,319,121,4576,12,10,8,9,11],"class_list":{"0":"post-510726","1":"post","2":"type-post","3":"status-publish","4":"format-standard","5":"has-post-thumbnail","7":"category-nachrichten","8":"tag-diebstahl","9":"tag-headlines","10":"tag-kultur","11":"tag-kunst","12":"tag-louvre","13":"tag-nachrichten","14":"tag-news","15":"tag-paris","16":"tag-polizei","17":"tag-raub","18":"tag-schlagzeilen","19":"tag-top-news","20":"tag-top-meldungen","21":"tag-topmeldungen","22":"tag-topnews"},"share_on_mastodon":{"url":"https:\/\/pubeurope.com\/@de\/115400658382715782","error":""},"_links":{"self":[{"href":"https:\/\/www.europesays.com\/de\/wp-json\/wp\/v2\/posts\/510726","targetHints":{"allow":["GET"]}}],"collection":[{"href":"https:\/\/www.europesays.com\/de\/wp-json\/wp\/v2\/posts"}],"about":[{"href":"https:\/\/www.europesays.com\/de\/wp-json\/wp\/v2\/types\/post"}],"author":[{"embeddable":true,"href":"https:\/\/www.europesays.com\/de\/wp-json\/wp\/v2\/users\/2"}],"replies":[{"embeddable":true,"href":"https:\/\/www.europesays.com\/de\/wp-json\/wp\/v2\/comments?post=510726"}],"version-history":[{"count":0,"href":"https:\/\/www.europesays.com\/de\/wp-json\/wp\/v2\/posts\/510726\/revisions"}],"wp:featuredmedia":[{"embeddable":true,"href":"https:\/\/www.europesays.com\/de\/wp-json\/wp\/v2\/media\/510727"}],"wp:attachment":[{"href":"https:\/\/www.europesays.com\/de\/wp-json\/wp\/v2\/media?parent=510726"}],"wp:term":[{"taxonomy":"category","embeddable":true,"href":"https:\/\/www.europesays.com\/de\/wp-json\/wp\/v2\/categories?post=510726"},{"taxonomy":"post_tag","embeddable":true,"href":"https:\/\/www.europesays.com\/de\/wp-json\/wp\/v2\/tags?post=510726"}],"curies":[{"name":"wp","href":"https:\/\/api.w.org\/{rel}","templated":true}]}}