{"id":510752,"date":"2025-10-19T11:57:10","date_gmt":"2025-10-19T11:57:10","guid":{"rendered":"https:\/\/www.europesays.com\/de\/510752\/"},"modified":"2025-10-19T11:57:10","modified_gmt":"2025-10-19T11:57:10","slug":"so-viele-fragen-familiengottesdienst-nach-tod-von-fabian","status":"publish","type":"post","link":"https:\/\/www.europesays.com\/de\/510752\/","title":{"rendered":"\u00abSo viele Fragen\u00bb &#8211; Familiengottesdienst nach Tod von Fabian"},"content":{"rendered":"<p>G\u00fcstrow (dpa) &#8211; Bei einem Familiengottesdienst haben in der Pfarrkirche von G\u00fcstrow rund 100 Menschen des achtj\u00e4hrigen Fabian gedacht, der mutma\u00dflich einem Gewaltverbrechen zum Opfer gefallen ist. Die Leiche des Kindes aus G\u00fcstrow war am Dienstag an einem T\u00fcmpel in der N\u00e4he der mecklenburgischen Kleinstadt gefunden worden. Seine Mutter hatte ihn vier Tage zuvor vermisst gemeldet.<\/p>\n<p>\u00abIch habe so viele Fragen und doch so wenig Antworten\u00bb, sagte Vikar Tim Trabe in seiner Predigt am Sonntag. Worte, die zu den derzeitigen Ermittlungen passen und vielen aus der Seele sprechen d\u00fcrften. Denn: Noch haben die Ermittlungsbeh\u00f6rden keinen Tatverd\u00e4chtigen pr\u00e4sentiert. Fest steht demnach bisher nur, dass Fabian durch Gewalteinwirkung starb.<\/p>\n<p>Angespannte Stimmung<\/p>\n<p>B\u00fcrgermeister Sascha Zimmermann (FDP) sagte der Deutschen Presse-Agentur, die Stimmung in G\u00fcstrow sei angespannt. Alle hofften, dass die Ermittlungen von Polizei und Staatsanwaltschaft schnell zum Erfolg f\u00fchren, damit klar werde, was passiert ist und ob eine Gefahr f\u00fcr die Stadtgesellschaft bestehe. \u00abManche sagen, sie trauen sich nicht mehr, ihre Kinder alleine aus dem Haus zu lassen.\u00bb\u00a0<\/p>\n<p>Vor der Kirche w\u00e4chst das Meer an Kerzen f\u00fcr Fabian. Drinnen sagt Vikar Trabe: \u00abHier erinnern wir uns daran, dass wir nicht allein durch die Dunkelheit unserer Trauer gehen m\u00fcssen.\u00bb Und: \u00abWir halten fest daran, dass Gemeinschaft uns tr\u00e4gt, wenn die Sorgen unertr\u00e4glich werden, und dass das Licht st\u00e4rker ist als Angst.\u00bb Einen Termin f\u00fcr die Beerdigung von Fabian gibt es dem B\u00fcrgermeister zufolge bisher nicht.<\/p>\n","protected":false},"excerpt":{"rendered":"G\u00fcstrow (dpa) &#8211; Bei einem Familiengottesdienst haben in der Pfarrkirche von G\u00fcstrow rund 100 Menschen des achtj\u00e4hrigen Fabian&hellip;\n","protected":false},"author":2,"featured_media":510753,"comment_status":"","ping_status":"","sticky":false,"template":"","format":"standard","meta":{"footnotes":""},"categories":[1843],"tags":[3274,3364,29,30,1724,1114,177,1351,8970,1209,4338],"class_list":{"0":"post-510752","1":"post","2":"type-post","3":"status-publish","4":"format-standard","5":"has-post-thumbnail","7":"category-muenster","8":"tag-kirche","9":"tag-de","10":"tag-deutschland","11":"tag-germany","12":"tag-gesellschaft","13":"tag-kinder","14":"tag-kriminalitt","15":"tag-mecklenburg-vorpommern","16":"tag-muenster","17":"tag-nordrhein-westfalen","18":"tag-notfall"},"share_on_mastodon":{"url":"https:\/\/pubeurope.com\/@de\/115400713714725507","error":""},"_links":{"self":[{"href":"https:\/\/www.europesays.com\/de\/wp-json\/wp\/v2\/posts\/510752","targetHints":{"allow":["GET"]}}],"collection":[{"href":"https:\/\/www.europesays.com\/de\/wp-json\/wp\/v2\/posts"}],"about":[{"href":"https:\/\/www.europesays.com\/de\/wp-json\/wp\/v2\/types\/post"}],"author":[{"embeddable":true,"href":"https:\/\/www.europesays.com\/de\/wp-json\/wp\/v2\/users\/2"}],"replies":[{"embeddable":true,"href":"https:\/\/www.europesays.com\/de\/wp-json\/wp\/v2\/comments?post=510752"}],"version-history":[{"count":0,"href":"https:\/\/www.europesays.com\/de\/wp-json\/wp\/v2\/posts\/510752\/revisions"}],"wp:featuredmedia":[{"embeddable":true,"href":"https:\/\/www.europesays.com\/de\/wp-json\/wp\/v2\/media\/510753"}],"wp:attachment":[{"href":"https:\/\/www.europesays.com\/de\/wp-json\/wp\/v2\/media?parent=510752"}],"wp:term":[{"taxonomy":"category","embeddable":true,"href":"https:\/\/www.europesays.com\/de\/wp-json\/wp\/v2\/categories?post=510752"},{"taxonomy":"post_tag","embeddable":true,"href":"https:\/\/www.europesays.com\/de\/wp-json\/wp\/v2\/tags?post=510752"}],"curies":[{"name":"wp","href":"https:\/\/api.w.org\/{rel}","templated":true}]}}