{"id":51076,"date":"2025-04-22T03:07:11","date_gmt":"2025-04-22T03:07:11","guid":{"rendered":"https:\/\/www.europesays.com\/de\/51076\/"},"modified":"2025-04-22T03:07:11","modified_gmt":"2025-04-22T03:07:11","slug":"nagetiere-im-ice-wagen-sorgen-fuer-evakuierung","status":"publish","type":"post","link":"https:\/\/www.europesays.com\/de\/51076\/","title":{"rendered":"Nagetiere im ICE-Wagen sorgen f\u00fcr Evakuierung"},"content":{"rendered":"<p>&#8222;Blinde Passagiere&#8220; <\/p>\n<p>Deutsche Bahn evakuiert ICE-Wagen wegen frei laufender Tiere<\/p>\n<p>22.04.2025 &#8211; 04:05 UhrLesedauer: 1 Min.<\/p>\n<p><a href=\"#focus-0\" class=\"transition-colors duration-200 focus-within:text-magenta block text-current relative\" data-sctrack=\"FocusGalleryImage.Reference\"><img fetchpriority=\"high\" data-testid=\"Opener.Image\" style=\"--lqipURL:url('https:\/\/images.t-online.de\/2025\/04\/l0AeTaD5Chhq\/124x0:1801x1013\/fit-in\/150x0\/filters:blur(25)\/ein-ice-faehrt-bei-erfurt-ueber-die-ice-neubaustrecke-muenchen-berlin-zu-dpa-ausser-rand-und-band-nagetiere-laufen-in-ice-frei-herum.jpg')\"   loading=\"eager\" src=\"https:\/\/www.europesays.com\/de\/wp-content\/uploads\/2025\/04\/ein-ice-faehrt-bei-erfurt-ueber-die-ice-neubaustrecke-muenchen-berlin-zu-dpa-ausser-rand-und-band-na.jpeg\" alt=\"Ein ICE auf Schienen\" title=\"Ein ICE auf Schienen\" width=\"1801\" height=\"1013\" class=\"bg-[url:var(--lqipURL)] bg-cover bg-center flex w-full max-w-full h-full\" decoding=\"async\"\/><img style=\"--width:32;--height:32\" loading=\"lazy\" src=\"https:\/\/www.europesays.com\/de\/wp-content\/uploads\/2025\/03\/zoom-in.f7dae02f.svg.svg+xml\" alt=\"Vergr\u00f6\u00dfern des Bildes\" title=\"Vergr\u00f6\u00dfern des Bildes\" class=\"&#10;        block&#10;        h-[calc(var(--height)_\/_16_*_1rem)]&#10;        w-[calc(var(--width)_\/_16_*_1rem)]&#10;        max-w-none&#10;        absolute bottom-8 right-8 rounded-4 bg-snow p-8\" decoding=\"async\"\/><\/a><\/p>\n<p>Ein ICE f\u00e4hrt \u00fcber die ICE-Neubaustrecke M\u00fcnchen &#8211; Berlin (Archivbild): In N\u00fcrnberg musste ein Zug ger\u00e4umt werden. (Quelle: Martin Schutt\/dpa-Zentralbild\/dpa\/dpa-bilder)<\/p>\n<p class=\"font-bold text-18 leading-17\">Ungew\u00f6hnlicher Zwischenfall im ICE: Nagetiere sorgen f\u00fcr die R\u00e4umung eines Zugwagens in N\u00fcrnberg.<\/p>\n<p class=\"text-18 leading-17\">In einem ICE am N\u00fcrnberger Hauptbahnhof kam es zu einem ungew\u00f6hnlichen Zwischenfall: Mehrere Nagetiere liefen frei in einem der Wagen umher. Die <a class=\"transition-colors duration-200 cursor-pointer text-inherit no-underline text-salemsfur md:hover:text-magenta md:hover:border-magenta md:focus:text-magenta border-current border-b border-solid break-words\" href=\"https:\/\/www.t-online.de\/themen\/deutsche-bahn\/\" data-sctrack=\"BodyAnchor\" rel=\"nofollow noopener\" target=\"_blank\">Deutsche Bahn<\/a> (DB) musste daraufhin den betroffenen Zugabschnitt komplett r\u00e4umen.<\/p>\n<p class=\"text-18 leading-17\">Mitarbeiter des Zuges h\u00e4tten das bemerkt und daraufhin alle Passagiere aus dem betroffenen Wagen gebracht, teilte eine Sprecherin der Deutschen Bahn mit. Die Reisenden seien auf andere Sitzpl\u00e4tze verteilt worden.<\/p>\n<p class=\"text-18 leading-17\">Nach der Evakuierung des Wagens wurde dieser geschlossen. Der ICE konnte anschlie\u00dfend seine Fahrt fortsetzen. Zu nennenswerten Versp\u00e4tungen im Bahnverkehr kam es offenbar nicht.<\/p>\n<p class=\"text-18 leading-17\">Woher die Nagetiere stammten, wie viele sie waren und um welche Tierart es sich genau handelte, blieb zun\u00e4chst unklar. Die Deutsche Bahn machte dazu keine weiteren Angaben. Auch \u00fcber eventuell eingeleitete Ma\u00dfnahmen zum Einfangen der Tiere wurde nichts bekannt.<\/p>\n","protected":false},"excerpt":{"rendered":"&#8222;Blinde Passagiere&#8220; Deutsche Bahn evakuiert ICE-Wagen wegen frei laufender Tiere 22.04.2025 &#8211; 04:05 UhrLesedauer: 1 Min. Ein ICE&hellip;\n","protected":false},"author":2,"featured_media":51077,"comment_status":"","ping_status":"","sticky":false,"template":"","format":"standard","meta":{"footnotes":""},"categories":[1837],"tags":[722,3176,772,296,5219,3364,2030,29,6308,30,2229,1268,24296,3783,24433],"class_list":{"0":"post-51076","1":"post","2":"type-post","3":"status-publish","4":"format-standard","5":"has-post-thumbnail","7":"category-nuernberg","8":"tag-722","9":"tag-3176","10":"tag-bayern","11":"tag-berlin","12":"tag-db","13":"tag-de","14":"tag-deutsche-bahn","15":"tag-deutschland","16":"tag-evakuierung","17":"tag-germany","18":"tag-ice","19":"tag-muenchen","20":"tag-nagetier","21":"tag-nuernberg","22":"tag-zugwagen"},"share_on_mastodon":{"url":"https:\/\/pubeurope.com\/@de\/114379413515125019","error":""},"_links":{"self":[{"href":"https:\/\/www.europesays.com\/de\/wp-json\/wp\/v2\/posts\/51076","targetHints":{"allow":["GET"]}}],"collection":[{"href":"https:\/\/www.europesays.com\/de\/wp-json\/wp\/v2\/posts"}],"about":[{"href":"https:\/\/www.europesays.com\/de\/wp-json\/wp\/v2\/types\/post"}],"author":[{"embeddable":true,"href":"https:\/\/www.europesays.com\/de\/wp-json\/wp\/v2\/users\/2"}],"replies":[{"embeddable":true,"href":"https:\/\/www.europesays.com\/de\/wp-json\/wp\/v2\/comments?post=51076"}],"version-history":[{"count":0,"href":"https:\/\/www.europesays.com\/de\/wp-json\/wp\/v2\/posts\/51076\/revisions"}],"wp:featuredmedia":[{"embeddable":true,"href":"https:\/\/www.europesays.com\/de\/wp-json\/wp\/v2\/media\/51077"}],"wp:attachment":[{"href":"https:\/\/www.europesays.com\/de\/wp-json\/wp\/v2\/media?parent=51076"}],"wp:term":[{"taxonomy":"category","embeddable":true,"href":"https:\/\/www.europesays.com\/de\/wp-json\/wp\/v2\/categories?post=51076"},{"taxonomy":"post_tag","embeddable":true,"href":"https:\/\/www.europesays.com\/de\/wp-json\/wp\/v2\/tags?post=51076"}],"curies":[{"name":"wp","href":"https:\/\/api.w.org\/{rel}","templated":true}]}}