{"id":510771,"date":"2025-10-19T12:07:11","date_gmt":"2025-10-19T12:07:11","guid":{"rendered":"https:\/\/www.europesays.com\/de\/510771\/"},"modified":"2025-10-19T12:07:11","modified_gmt":"2025-10-19T12:07:11","slug":"a-great-german-jazz-legend-rip-klaus-doldinger-1936-2025","status":"publish","type":"post","link":"https:\/\/www.europesays.com\/de\/510771\/","title":{"rendered":"\u201cA great German jazz legend\u201d \u2013 RIP Klaus Doldinger (1936-2025)"},"content":{"rendered":"<p><strong>It is impossible to imagine this happening in most other countries. The German Head of State, Bundespr\u00e4sident Frank-Walter Steinmeier has written a fulsome tribute, and publicly offered condolences to the widow of musician and composer Klaus Doldinger who died on Thursday 16 October 2025 at the age of 89. In a Press Release from the Office of the President dated 18 October 2025, Steinmeier writes (*):<\/strong><\/p>\n<p>\u201c<strong>Our country has lost a great German jazz legend. Saxophonist\/composer Klaus Doldinger was an outstanding musician with seemingly inexhaustible energy and creativity, especially in the field of improvisation, working with countless leading international jazz musicians around the world. During his unique career spanning several decades, he had a decisive influence on jazz in Germany with his extraordinary talent.<\/strong><\/p>\n<p><strong>Klaus Doldinger\u2019s musical range was enormous, stretching from latin and swing to jazz rock. With the influential band \u2018Passport\u2019, which he founded in 1971, he experimented with a wide variety of styles and discovered whole new worlds of sound that, without him, would have remained closed to us. Klaus Doldinger\u2019s music, characterised by artistic excellence, freedom and dedication, captured the hearts of a large audience with its particular expressiveness. Klaus Doldinger kept performing into old age, and those who were lucky enough to have the experience of seeing him live will never forget it.<\/strong><\/p>\n<p><strong>As a composer of film music, he also made an incomparable contribution to the evolution of German film and television. The \u2018Tatort\u2019 melody he composed in 1970, the theme tunes for the series \u2018Liebling Kreuzberg\u2019 and \u2018Ein Fall f\u00fcr Zwei\u2019, as well as the legendary music for films such as \u2018Das Boot\u2019 and \u2018Die unendliche Geschichte\u2019 have long been ingrained in our cultural memory.<\/strong><\/p>\n<p><strong>Klaus Doldinger, honoured with the Federal Cross of Merit in 1978 and 2002, dedicated his life to music. He gave our country great art and unforgettable melodies. We owe Klaus Doldinger a great deal and will remember him as an important musician.<\/strong><\/p>\n<p><strong>In this difficult time, I wish you and your family strength, and hope that you will be surrounded by people who will be a comfort and a help as they stand by your side. (Ends)<\/strong><\/p>\n<p>(Original German text follows)<\/p>\n<p><strong>Bundespr\u00e4sident Steinmeier kondoliert zum Tod von Klaus Doldinger<\/strong><\/p>\n<p>Pressemitteilung 18. Oktober 2025<\/p>\n<p>Bundespr\u00e4sident Frank-Walter Steinmeier hat der Frau des Musikers und Komponisten Klaus Doldinger kondoliert. Der Bundespr\u00e4sident schreibt:<\/p>\n<blockquote class=\"wp-block-quote is-layout-flow wp-block-quote-is-layout-flow\">\n<p>Unser Land hat eine gro\u00dfe deutsche Jazz-Legende verloren. Der Saxofonist und Komponist Klaus Doldinger ar ein herausragender Musiker mit schier unersch\u00f6pflicher Energie und Kreativit\u00e4t, gerade im Bereich der Improvisation, der mit unz\u00e4hligen international f\u00fchrenden Jazzmusikern auf der ganzen Welt zusammengearbeitet hat. W\u00e4hrend seines einzigartigen Wirkens \u00fcber Jahrzehnte hinweg hat er den Jazz in Deutschland mit seinem au\u00dfergew\u00f6hnlichen Talent entscheidend beeinflusst und gepr\u00e4gt.<\/p>\n<\/blockquote>\n<blockquote class=\"wp-block-quote is-layout-flow wp-block-quote-is-layout-flow\">\n<p>Die musikalische Bandbreite Klaus Doldingers war enorm, sie reichte von Latin Swing bis zum Jazzrock. Mit der von ihm 1971 gegr\u00fcndeten, einflussreichen Band \u201ePassport\u201c probierte er unterschiedlichste Stile aus und entdeckte ganz neue Klangwelten, die uns ohne ihn verschlossen geblieben w\u00e4ren. Klaus Doldingers Musik, von k\u00fcnstlerischer Exzellenz, Freiheit und Hingabe gepr\u00e4gt, hat durch ihre besondere Ausdruckskraft die Herzen eines gro\u00dfen Publikums erobert. Bis ins hohe Alter hinein stand\u00a0 Klaus Doldinger auf der B\u00fchne, und wer das Gl\u00fcck hatte, ihn live zu erleben, wird das nie vergessen.<\/p>\n<\/blockquote>\n<blockquote class=\"wp-block-quote is-layout-flow wp-block-quote-is-layout-flow\">\n<p>Auch als Komponist von Filmmusik leistete er einen unvergleichlichen Beitrag zur deutschen Film- und Fernsehgeschichte. Die 1970 von ihm komponierte \u201eTatort\u201c-Melodie, die Titelmelodien zu den Serien \u201eLiebling Kreuzberg\u201c und \u201eEin Fall f\u00fcr Zwei\u201c, aber auch die legend\u00e4re Musik zu Filmen wie\u00a0 \u201eDas Boot\u201c und \u201eDie unendliche Geschichte\u201c geh\u00f6ren l\u00e4ngst zu unserem kulturellen Ged\u00e4chtnis.<\/p>\n<\/blockquote>\n<blockquote class=\"wp-block-quote is-layout-flow wp-block-quote-is-layout-flow\">\n<p>Klaus Doldinger, 1978 und 2002 mit dem Bundesverdienstkreuz geehrt, hat sein Leben der Musik gewidmet. Unserem Land hat er gro\u00dfe Kunst und unvergessliche Melodien geschenkt. Wir verdanken Klaus Doldinger viel und werden ihn als\u00a0 bedeutenden Musiker in Erinnerung behalten.<\/p>\n<\/blockquote>\n<blockquote class=\"wp-block-quote is-layout-flow wp-block-quote-is-layout-flow\">\n<p>In dieser schweren Zeit w\u00fcnsche ich Ihnen und Ihrer Familie Kraft und die Gemeinschaft mit Menschen, die Ihnen mit Trost und Hilfe zur Seite stehen.<\/p>\n<p>(*) Our translation. The original text is only published in German.<\/p>\n<\/blockquote>\n","protected":false},"excerpt":{"rendered":"It is impossible to imagine this happening in most other countries. The German Head of State, Bundespr\u00e4sident Frank-Walter&hellip;\n","protected":false},"author":2,"featured_media":510772,"comment_status":"","ping_status":"","sticky":false,"template":"","format":"standard","meta":{"footnotes":""},"categories":[3976],"tags":[331,332,13,14,15,12,3992,3993,3994,3995,3996,3997],"class_list":{"0":"post-510771","1":"post","2":"type-post","3":"status-publish","4":"format-standard","5":"has-post-thumbnail","7":"category-vereinigtes-koenigreich","8":"tag-aktuelle-nachrichten","9":"tag-aktuelle-news","10":"tag-headlines","11":"tag-nachrichten","12":"tag-news","13":"tag-schlagzeilen","14":"tag-uk","15":"tag-united-kingdom","16":"tag-united-kingdom-of-great-britain-and-northern-ireland","17":"tag-vereinigtes-koenigreich","18":"tag-vereinigtes-koenigreich-grossbritannien-und-nordirland","19":"tag-vereinigtes-koenigreich-von-grossbritannien-und-nordirland"},"share_on_mastodon":{"url":"https:\/\/pubeurope.com\/@de\/115400752795464584","error":""},"_links":{"self":[{"href":"https:\/\/www.europesays.com\/de\/wp-json\/wp\/v2\/posts\/510771","targetHints":{"allow":["GET"]}}],"collection":[{"href":"https:\/\/www.europesays.com\/de\/wp-json\/wp\/v2\/posts"}],"about":[{"href":"https:\/\/www.europesays.com\/de\/wp-json\/wp\/v2\/types\/post"}],"author":[{"embeddable":true,"href":"https:\/\/www.europesays.com\/de\/wp-json\/wp\/v2\/users\/2"}],"replies":[{"embeddable":true,"href":"https:\/\/www.europesays.com\/de\/wp-json\/wp\/v2\/comments?post=510771"}],"version-history":[{"count":0,"href":"https:\/\/www.europesays.com\/de\/wp-json\/wp\/v2\/posts\/510771\/revisions"}],"wp:featuredmedia":[{"embeddable":true,"href":"https:\/\/www.europesays.com\/de\/wp-json\/wp\/v2\/media\/510772"}],"wp:attachment":[{"href":"https:\/\/www.europesays.com\/de\/wp-json\/wp\/v2\/media?parent=510771"}],"wp:term":[{"taxonomy":"category","embeddable":true,"href":"https:\/\/www.europesays.com\/de\/wp-json\/wp\/v2\/categories?post=510771"},{"taxonomy":"post_tag","embeddable":true,"href":"https:\/\/www.europesays.com\/de\/wp-json\/wp\/v2\/tags?post=510771"}],"curies":[{"name":"wp","href":"https:\/\/api.w.org\/{rel}","templated":true}]}}