{"id":510777,"date":"2025-10-19T12:10:16","date_gmt":"2025-10-19T12:10:16","guid":{"rendered":"https:\/\/www.europesays.com\/de\/510777\/"},"modified":"2025-10-19T12:10:16","modified_gmt":"2025-10-19T12:10:16","slug":"medikamente-so-abhaengig-ist-europa-von-china-wirtschaft","status":"publish","type":"post","link":"https:\/\/www.europesays.com\/de\/510777\/","title":{"rendered":"Medikamente: So abh\u00e4ngig ist Europa von China &#8211; Wirtschaft"},"content":{"rendered":"<p class=\"css-c9fym5\" data-manual=\"teaserText\" data-schema-org-speakable=\"true\">Die Versorgung Europas mit Medikamenten h\u00e4ngt mehr und mehr von China ab. Erst ging es um Generika, also Arzneimittel ohne Patentschutz. Mittlerweile beschr\u00e4nkt sich die Volksrepublik l\u00e4ngst nicht mehr auf Kopien, zeigt eine Studie.<\/p>\n<p data-manual=\"author\" data-testid=\"byline\" class=\"css-1b049jz\">Von <a href=\"https:\/\/www.sueddeutsche.de\/autoren\/elisabeth-dostert-1.1408427\" target=\"_blank\" rel=\"noopener\">Elisabeth Dostert<\/a>, M\u00fcnchen<\/p>\n<p data-manual=\"paragraph\" data-schema-org-speakable=\"true\" class=\"css-9njfp7\">Die Abh\u00e4ngigkeit Europas von <a href=\"https:\/\/www.sueddeutsche.de\/thema\/China\" target=\"_blank\" rel=\"noopener\">China<\/a> bei wichtigen Medikamenten ist gro\u00df, sie ist nicht zuf\u00e4llig, sondern von China gezielt aufgebaut worden, und das Risiko der Abh\u00e4ngigkeit w\u00e4chst. So lassen sich die Ergebnisse einer Studie im Auftrag des Verbandes Pro Generika zusammenfassen. Er vertritt Hersteller, die <a href=\"https:\/\/www.sueddeutsche.de\/thema\/Medikamente\" target=\"_blank\" rel=\"noopener\">Medikamente<\/a> nachahmen, deren Patent abgelaufen ist. Geopolitische Spannungen oder Exportbeschr\u00e4nkungen aus China k\u00f6nnten zu Engp\u00e4ssen in der Versorgung f\u00fchren, warnen die Autoren der Studie, die der S\u00fcddeutschen Zeitung\u00a0vorliegt. Sie untermauern in Zahlen, was Lobbyisten, Manager und Politiker schon lange beklagen.<\/p>\n","protected":false},"excerpt":{"rendered":"Die Versorgung Europas mit Medikamenten h\u00e4ngt mehr und mehr von China ab. Erst ging es um Generika, also&hellip;\n","protected":false},"author":2,"featured_media":510778,"comment_status":"","ping_status":"","sticky":false,"template":"","format":"standard","meta":{"footnotes":""},"categories":[3933],"tags":[331,332,147,227,548,663,158,3934,3935,13,148,18115,837,14,15,12,81834,149,173,55],"class_list":{"0":"post-510777","1":"post","2":"type-post","3":"status-publish","4":"format-standard","5":"has-post-thumbnail","7":"category-eu","8":"tag-aktuelle-nachrichten","9":"tag-aktuelle-news","10":"tag-ausland","11":"tag-china","12":"tag-eu","13":"tag-europa","14":"tag-europaeische-union","15":"tag-europe","16":"tag-european-union","17":"tag-headlines","18":"tag-leserdiskussion","19":"tag-medikamente","20":"tag-medizin","21":"tag-nachrichten","22":"tag-news","23":"tag-schlagzeilen","24":"tag-schmerzmittel","25":"tag-sueddeutsche-zeitung","26":"tag-unternehmen","27":"tag-wirtschaft"},"share_on_mastodon":{"url":"https:\/\/pubeurope.com\/@de\/115400764653837778","error":""},"_links":{"self":[{"href":"https:\/\/www.europesays.com\/de\/wp-json\/wp\/v2\/posts\/510777","targetHints":{"allow":["GET"]}}],"collection":[{"href":"https:\/\/www.europesays.com\/de\/wp-json\/wp\/v2\/posts"}],"about":[{"href":"https:\/\/www.europesays.com\/de\/wp-json\/wp\/v2\/types\/post"}],"author":[{"embeddable":true,"href":"https:\/\/www.europesays.com\/de\/wp-json\/wp\/v2\/users\/2"}],"replies":[{"embeddable":true,"href":"https:\/\/www.europesays.com\/de\/wp-json\/wp\/v2\/comments?post=510777"}],"version-history":[{"count":0,"href":"https:\/\/www.europesays.com\/de\/wp-json\/wp\/v2\/posts\/510777\/revisions"}],"wp:featuredmedia":[{"embeddable":true,"href":"https:\/\/www.europesays.com\/de\/wp-json\/wp\/v2\/media\/510778"}],"wp:attachment":[{"href":"https:\/\/www.europesays.com\/de\/wp-json\/wp\/v2\/media?parent=510777"}],"wp:term":[{"taxonomy":"category","embeddable":true,"href":"https:\/\/www.europesays.com\/de\/wp-json\/wp\/v2\/categories?post=510777"},{"taxonomy":"post_tag","embeddable":true,"href":"https:\/\/www.europesays.com\/de\/wp-json\/wp\/v2\/tags?post=510777"}],"curies":[{"name":"wp","href":"https:\/\/api.w.org\/{rel}","templated":true}]}}