{"id":510793,"date":"2025-10-19T12:20:13","date_gmt":"2025-10-19T12:20:13","guid":{"rendered":"https:\/\/www.europesays.com\/de\/510793\/"},"modified":"2025-10-19T12:20:13","modified_gmt":"2025-10-19T12:20:13","slug":"22-jaehriger-demoliert-busstation-nach-streit-mit-vater","status":"publish","type":"post","link":"https:\/\/www.europesays.com\/de\/510793\/","title":{"rendered":"22-J\u00e4hriger demoliert Busstation nach Streit mit Vater"},"content":{"rendered":"<p>Scheibe eingetreten <\/p>\n<p>Sohn zerst\u00f6rt Bush\u00e4uschen nach Streit mit Vater<\/p>\n<p>19.10.2025 &#8211; 14:12 UhrLesedauer: 1 Min.<\/p>\n<p><a href=\"#focus-0\" class=\"transition-colors duration-200 block text-current relative\" data-sctrack=\"FocusGalleryImage.Reference\"><img fetchpriority=\"high\" data-testid=\"Opener.Image\" style=\"--lqipURL:url('https:\/\/images.t-online.de\/2025\/10\/gwUa1Uy89KQl\/0x300:4000x2250\/fit-in\/150x0\/filters:blur(25)\/schild-einer-bushaltestelle-symbolbild.jpg')\"   loading=\"eager\" src=\"https:\/\/www.europesays.com\/de\/wp-content\/uploads\/2025\/10\/schild-einer-bushaltestelle-symbolbild.jpg\" alt=\"Schild einer Bushaltestelle (Symbolbild):\" title=\"Schild einer Bushaltestelle (Symbolbild):\" width=\"4000\" height=\"2250\" class=\"bg-[url:var(--lqipURL)] bg-cover bg-center flex h-full w-full max-w-full\" decoding=\"async\"\/><img style=\"--width:32;--height:32\" loading=\"lazy\" src=\"https:\/\/nuernberg.t-online.de\/s\/paper\/_next\/static\/media\/zoom-in.f7dae02f.svg\" alt=\"Vergr\u00f6\u00dfern des Bildes\" title=\"Vergr\u00f6\u00dfern des Bildes\" class=\"block h-[calc(var(--height)_\/_16_*_1rem)] w-[calc(var(--width)_\/_16_*_1rem)] max-w-none absolute bottom-8 right-8 rounded-4 bg-snow p-8\" decoding=\"async\"\/><\/a><\/p>\n<p>Schild einer Bushaltestelle (Symbolbild): Gegen den jungen Mann wurde ein Ermittlungsverfahren eingeleitet. (Quelle: IMAGO\/Michael Bihlmayer)<\/p>\n<p class=\"font-bold text-18 leading-17\">Ein Vater und ein Sohn geraten in N\u00fcrnberg aneinander. Die Situation schaukelt sich immer weiter hoch, bis dem 22-J\u00e4hrigen die Sicherungen durchbrennen.<\/p>\n<p class=\"text-18 leading-17\">In N\u00fcrnberg ist am sp\u00e4ten Freitagabend ein Streit zwischen einem 47 Jahre alten Vater und seinem Sohn eskaliert. Aus Wut trat der 22-J\u00e4hrige nach Polizeiangaben eine Scheibe der Bushaltestelle &#8222;Gostenhof Ost&#8220; im Stadtteil Gostenhof ein.<\/p>\n<p class=\"text-18 leading-17\">Zeugen und ein Busfahrer beobachteten den Vorfall demnach gegen 23.30 Uhr und riefen die Polizei, die den Mann kurz darauf noch am Tatort antraf. Die Beamten leiteten ein Ermittlungsverfahren wegen gemeinsch\u00e4dlicher Sachbesch\u00e4digung ein.<\/p>\n<p class=\"text-18 leading-17\">Das Warteh\u00e4uschen musste vor\u00fcbergehend abgesperrt werden. Der Schaden wird auf rund 1.000 Euro gesch\u00e4tzt. Was der Ausl\u00f6ser f\u00fcr den Streit zwischen Vater und Sohn war, teilte die Polizei nicht mit.<\/p>\n","protected":false},"excerpt":{"rendered":"Scheibe eingetreten Sohn zerst\u00f6rt Bush\u00e4uschen nach Streit mit Vater 19.10.2025 &#8211; 14:12 UhrLesedauer: 1 Min. Schild einer Bushaltestelle&hellip;\n","protected":false},"author":2,"featured_media":510794,"comment_status":"","ping_status":"","sticky":false,"template":"","format":"standard","meta":{"footnotes":""},"categories":[1837],"tags":[772,16036,127133,3364,29,30,3783,121],"class_list":{"0":"post-510793","1":"post","2":"type-post","3":"status-publish","4":"format-standard","5":"has-post-thumbnail","7":"category-nuernberg","8":"tag-bayern","9":"tag-bushaltestelle","10":"tag-bushaeuschen","11":"tag-de","12":"tag-deutschland","13":"tag-germany","14":"tag-nuernberg","15":"tag-polizei"},"share_on_mastodon":{"url":"https:\/\/pubeurope.com\/@de\/115400804020639257","error":""},"_links":{"self":[{"href":"https:\/\/www.europesays.com\/de\/wp-json\/wp\/v2\/posts\/510793","targetHints":{"allow":["GET"]}}],"collection":[{"href":"https:\/\/www.europesays.com\/de\/wp-json\/wp\/v2\/posts"}],"about":[{"href":"https:\/\/www.europesays.com\/de\/wp-json\/wp\/v2\/types\/post"}],"author":[{"embeddable":true,"href":"https:\/\/www.europesays.com\/de\/wp-json\/wp\/v2\/users\/2"}],"replies":[{"embeddable":true,"href":"https:\/\/www.europesays.com\/de\/wp-json\/wp\/v2\/comments?post=510793"}],"version-history":[{"count":0,"href":"https:\/\/www.europesays.com\/de\/wp-json\/wp\/v2\/posts\/510793\/revisions"}],"wp:featuredmedia":[{"embeddable":true,"href":"https:\/\/www.europesays.com\/de\/wp-json\/wp\/v2\/media\/510794"}],"wp:attachment":[{"href":"https:\/\/www.europesays.com\/de\/wp-json\/wp\/v2\/media?parent=510793"}],"wp:term":[{"taxonomy":"category","embeddable":true,"href":"https:\/\/www.europesays.com\/de\/wp-json\/wp\/v2\/categories?post=510793"},{"taxonomy":"post_tag","embeddable":true,"href":"https:\/\/www.europesays.com\/de\/wp-json\/wp\/v2\/tags?post=510793"}],"curies":[{"name":"wp","href":"https:\/\/api.w.org\/{rel}","templated":true}]}}