{"id":510805,"date":"2025-10-19T12:26:11","date_gmt":"2025-10-19T12:26:11","guid":{"rendered":"https:\/\/www.europesays.com\/de\/510805\/"},"modified":"2025-10-19T12:26:11","modified_gmt":"2025-10-19T12:26:11","slug":"niedersachsen-bremen-cdu-in-niedersachsen-brandmauer-zur-afd-steht","status":"publish","type":"post","link":"https:\/\/www.europesays.com\/de\/510805\/","title":{"rendered":"Niedersachsen &#038; Bremen: CDU in Niedersachsen: Brandmauer zur AfD steht"},"content":{"rendered":"<p>                    Niedersachsen &amp; Bremen<br \/>\n                CDU in Niedersachsen: Brandmauer zur AfD steht<\/p>\n<p>\t\t\t\t              19.10.2025, 14:19 Uhr<\/p>\n<p><strong>In der CDU ist der Streit \u00fcber den Umgang mit der AfD erneut entbrannt. In Niedersachsen hat die Partei eine klare Haltung dazu.<\/strong><\/p>\n<p>Hannover (dpa\/lni) &#8211; In der erneuten Diskussion \u00fcber eine m\u00f6gliche Zusammenarbeit mit der AfD bleiben die Christdemokraten in Niedersachsen bei ihrer deutlichen Abgrenzung. An der Haltung zu der Partei habe sich nichts ge\u00e4ndert, sagte eine Sprecherin der CDU-Landtagsfraktion der &#8222;Hannoverschen Allgemeinen Zeitung&#8220;. CDU-Landeschef Sebastian Lechner hatte eine Zusammenarbeit mit der AfD in den vergangenen Jahren immer wieder ausgeschlossen.<\/p>\n<p>Fr\u00fchere einflussreiche Unionspolitiker hatten sich zuvor f\u00fcr eine neue Strategie im Umgang mit der AfD ausgesprochen. CDU-Parteichef und Bundeskanzler Friedrich Merz erkl\u00e4rte die AfD dagegen zum &#8222;Hauptgegner&#8220; f\u00fcr die bevorstehenden Wahlk\u00e4mpfe und stellte klar, dass es unter ihm keine Zusammenarbeit mit der Partei geben werde.<\/p>\n<p>Lechner hatte dem Zeitungsbericht zufolge im August beim CDU-Landesparteitag in Osnabr\u00fcck gesagt: &#8222;Es wird keine Zusammenarbeit mit irgendwelchen Extremisten und Populisten in diesem Lande geben.&#8220; Er betonte: &#8222;Wir haben die Verantwortung, alles zu tun, damit Extremismus und Populismus in diesem Lande wieder abnehmen. Das sind unsere Gegner.&#8220;<\/p>\n","protected":false},"excerpt":{"rendered":"Niedersachsen &amp; Bremen CDU in Niedersachsen: Brandmauer zur AfD steht 19.10.2025, 14:19 Uhr In der CDU ist der&hellip;\n","protected":false},"author":2,"featured_media":510806,"comment_status":"","ping_status":"","sticky":false,"template":"","format":"standard","meta":{"footnotes":""},"categories":[1824],"tags":[186,29277,2420,31,3364,29,30,1411],"class_list":{"0":"post-510805","1":"post","2":"type-post","3":"status-publish","4":"format-standard","5":"has-post-thumbnail","7":"category-bremen","8":"tag-afd","9":"tag-brandmauer","10":"tag-bremen","11":"tag-cdu","12":"tag-de","13":"tag-deutschland","14":"tag-germany","15":"tag-niedersachsen"},"share_on_mastodon":{"url":"https:\/\/pubeurope.com\/@de\/115400827572242008","error":""},"_links":{"self":[{"href":"https:\/\/www.europesays.com\/de\/wp-json\/wp\/v2\/posts\/510805","targetHints":{"allow":["GET"]}}],"collection":[{"href":"https:\/\/www.europesays.com\/de\/wp-json\/wp\/v2\/posts"}],"about":[{"href":"https:\/\/www.europesays.com\/de\/wp-json\/wp\/v2\/types\/post"}],"author":[{"embeddable":true,"href":"https:\/\/www.europesays.com\/de\/wp-json\/wp\/v2\/users\/2"}],"replies":[{"embeddable":true,"href":"https:\/\/www.europesays.com\/de\/wp-json\/wp\/v2\/comments?post=510805"}],"version-history":[{"count":0,"href":"https:\/\/www.europesays.com\/de\/wp-json\/wp\/v2\/posts\/510805\/revisions"}],"wp:featuredmedia":[{"embeddable":true,"href":"https:\/\/www.europesays.com\/de\/wp-json\/wp\/v2\/media\/510806"}],"wp:attachment":[{"href":"https:\/\/www.europesays.com\/de\/wp-json\/wp\/v2\/media?parent=510805"}],"wp:term":[{"taxonomy":"category","embeddable":true,"href":"https:\/\/www.europesays.com\/de\/wp-json\/wp\/v2\/categories?post=510805"},{"taxonomy":"post_tag","embeddable":true,"href":"https:\/\/www.europesays.com\/de\/wp-json\/wp\/v2\/tags?post=510805"}],"curies":[{"name":"wp","href":"https:\/\/api.w.org\/{rel}","templated":true}]}}