{"id":510815,"date":"2025-10-19T12:31:11","date_gmt":"2025-10-19T12:31:11","guid":{"rendered":"https:\/\/www.europesays.com\/de\/510815\/"},"modified":"2025-10-19T12:31:11","modified_gmt":"2025-10-19T12:31:11","slug":"strassenreinigung-in-markkleeberg-%c2%b7-leipziger-zeitung","status":"publish","type":"post","link":"https:\/\/www.europesays.com\/de\/510815\/","title":{"rendered":"Stra\u00dfenreinigung in Markkleeberg \u00b7 Leipziger Zeitung"},"content":{"rendered":"<p>Vom 20. bis 23. Oktober 2025 findet in Markkleeberg die regul\u00e4re Stra\u00dfenreinigung statt. Die Stadt Markkleeberg hat damit die Firma Hake GmbH Stra\u00dfenreinigungsdienst beauftragt. In vielen Stra\u00dfen der Gro\u00dfen Kreisstadt m\u00fcssen deshalb tempor\u00e4re Halteverbote aufgestellt werden. <\/p>\n<p>Die Stadt Markkleeberg bittet um Einhaltung der angeordneten Halteverbote, damit die Stra\u00dfenreinigung reibungslos vorgenommen werden kann. Eine \u00dcbersicht der zu kehrenden Stra\u00dfen hat die Stadt auf der Internetseite <a href=\"https:\/\/www.markkleeberg.de\/\" target=\"_blank\" rel=\"noreferrer noopener\">www.markkleeberg.de<\/a> ver\u00f6ffentlicht.<\/p>\n","protected":false},"excerpt":{"rendered":"Vom 20. bis 23. Oktober 2025 findet in Markkleeberg die regul\u00e4re Stra\u00dfenreinigung statt. Die Stadt Markkleeberg hat damit&hellip;\n","protected":false},"author":2,"featured_media":68618,"comment_status":"","ping_status":"","sticky":false,"template":"","format":"standard","meta":{"footnotes":""},"categories":[1832],"tags":[3364,29,30,71,14711,859],"class_list":{"0":"post-510815","1":"post","2":"type-post","3":"status-publish","4":"format-standard","5":"has-post-thumbnail","7":"category-leipzig","8":"tag-de","9":"tag-deutschland","10":"tag-germany","11":"tag-leipzig","12":"tag-markkleeberg","13":"tag-sachsen"},"share_on_mastodon":{"url":"https:\/\/pubeurope.com\/@de\/115400847195823559","error":""},"_links":{"self":[{"href":"https:\/\/www.europesays.com\/de\/wp-json\/wp\/v2\/posts\/510815","targetHints":{"allow":["GET"]}}],"collection":[{"href":"https:\/\/www.europesays.com\/de\/wp-json\/wp\/v2\/posts"}],"about":[{"href":"https:\/\/www.europesays.com\/de\/wp-json\/wp\/v2\/types\/post"}],"author":[{"embeddable":true,"href":"https:\/\/www.europesays.com\/de\/wp-json\/wp\/v2\/users\/2"}],"replies":[{"embeddable":true,"href":"https:\/\/www.europesays.com\/de\/wp-json\/wp\/v2\/comments?post=510815"}],"version-history":[{"count":0,"href":"https:\/\/www.europesays.com\/de\/wp-json\/wp\/v2\/posts\/510815\/revisions"}],"wp:featuredmedia":[{"embeddable":true,"href":"https:\/\/www.europesays.com\/de\/wp-json\/wp\/v2\/media\/68618"}],"wp:attachment":[{"href":"https:\/\/www.europesays.com\/de\/wp-json\/wp\/v2\/media?parent=510815"}],"wp:term":[{"taxonomy":"category","embeddable":true,"href":"https:\/\/www.europesays.com\/de\/wp-json\/wp\/v2\/categories?post=510815"},{"taxonomy":"post_tag","embeddable":true,"href":"https:\/\/www.europesays.com\/de\/wp-json\/wp\/v2\/tags?post=510815"}],"curies":[{"name":"wp","href":"https:\/\/api.w.org\/{rel}","templated":true}]}}