{"id":51087,"date":"2025-04-22T03:13:10","date_gmt":"2025-04-22T03:13:10","guid":{"rendered":"https:\/\/www.europesays.com\/de\/51087\/"},"modified":"2025-04-22T03:13:10","modified_gmt":"2025-04-22T03:13:10","slug":"werder-soll-transfer-von-julian-brandt-erwaegen","status":"publish","type":"post","link":"https:\/\/www.europesays.com\/de\/51087\/","title":{"rendered":"Werder soll Transfer von Julian Brandt erw\u00e4gen"},"content":{"rendered":"<p>Heimkehr an die Weser? <\/p>\n<p>Werder Bremen soll Transfer von Julian Brandt erw\u00e4gen<\/p>\n<p>22.04.2025 &#8211; 04:21 UhrLesedauer: 2 Min.<\/p>\n<p><a href=\"#focus-0\" class=\"transition-colors duration-200 focus-within:text-magenta block text-current relative\" data-sctrack=\"FocusGalleryImage.Reference\"><img fetchpriority=\"high\" data-testid=\"Opener.Image\" style=\"--lqipURL:url('https:\/\/images.t-online.de\/2025\/04\/cNS4h3A68nMg\/678x37:772x434\/fit-in\/150x0\/filters:blur(25)\/fussball-champions-league-fc-barcelona-borussia-dortmund-k-o-runde-viertelfinale-hinspiele-montjuic-estadio-olimpico-dortmunds-julian-brandt-spielt-den-ball-zu-dpa-medien-werder-bremen-denkt-an-transfer-von-julian-brandt.jpg')\"   loading=\"eager\" src=\"https:\/\/www.europesays.com\/de\/wp-content\/uploads\/2025\/04\/fussball-champions-league-fc-barcelona-borussia-dortmund-k-o-runde-viertelfinale-hinspiele-montjuic-.jpeg\" alt=\"Julian Brandt\" title=\"Julian Brandt\" width=\"772\" height=\"434\" class=\"bg-[url:var(--lqipURL)] bg-cover bg-center flex w-full max-w-full h-full\" decoding=\"async\"\/><img style=\"--width:32;--height:32\" loading=\"lazy\" src=\"https:\/\/www.europesays.com\/de\/wp-content\/uploads\/2025\/03\/zoom-in.f7dae02f.svg.svg+xml\" alt=\"Vergr\u00f6\u00dfern des Bildes\" title=\"Vergr\u00f6\u00dfern des Bildes\" class=\"&#10;        block&#10;        h-[calc(var(--height)_\/_16_*_1rem)]&#10;        w-[calc(var(--width)_\/_16_*_1rem)]&#10;        max-w-none&#10;        absolute bottom-8 right-8 rounded-4 bg-snow p-8\" decoding=\"async\"\/><\/a><\/p>\n<p>Julian Brandt: L\u00e4uft der BVB-Star in der kommenden Saison f\u00fcr Werder auf? (Quelle: Federico Gambarini\/dpa\/dpa-bilder)<\/p>\n<p class=\"font-bold text-18 leading-17\">BVB-Star Julian Brandt steht offenbar auf dem Transferzettel von Werder Bremen. Finanziell w\u00e4re es f\u00fcr die klammen Norddeutschen schwer zu stemmen.<\/p>\n<p class=\"text-18 leading-17\">Bundesligist <a class=\"transition-colors duration-200 cursor-pointer text-inherit no-underline text-salemsfur md:hover:text-magenta md:hover:border-magenta md:focus:text-magenta border-current border-b border-solid break-words\" href=\"https:\/\/www.t-online.de\/themen\/sv-werder-bremen\/\" data-sctrack=\"BodyAnchor\" rel=\"nofollow noopener\" target=\"_blank\">Werder Bremen<\/a> besch\u00e4ftigt sich offenbar mit einer m\u00f6glichen Verpflichtung von <a class=\"transition-colors duration-200 cursor-pointer text-inherit no-underline text-salemsfur md:hover:text-magenta md:hover:border-magenta md:focus:text-magenta border-current border-b border-solid break-words\" href=\"https:\/\/www.t-online.de\/themen\/julian-brandt\/\" data-sctrack=\"BodyAnchor\" rel=\"nofollow noopener\" target=\"_blank\">Julian Brandt<\/a> von <a class=\"transition-colors duration-200 cursor-pointer text-inherit no-underline text-salemsfur md:hover:text-magenta md:hover:border-magenta md:focus:text-magenta border-current border-b border-solid break-words\" href=\"https:\/\/www.t-online.de\/themen\/borussia-dortmund\/\" data-sctrack=\"BodyAnchor\" rel=\"nofollow noopener\" target=\"_blank\">Borussia Dortmund<\/a>. Wie der TV-Sender Sky berichtet, gibt es an der Weser konkrete Gedankenspiele um den 28-j\u00e4hrigen Offensivakteur. Diese Informationen werden auch vom Bremer Portal &#8222;Deichstube&#8220; best\u00e4tigt, das von eigenen Recherchen in dieser Richtung berichtet.<\/p>\n<p class=\"text-18 leading-17\">Brandts Vertrag beim <a class=\"transition-colors duration-200 cursor-pointer text-inherit no-underline text-salemsfur md:hover:text-magenta md:hover:border-magenta md:focus:text-magenta border-current border-b border-solid break-words\" href=\"https:\/\/www.t-online.de\/themen\/borussia-dortmund\/\" data-sctrack=\"BodyAnchor\" rel=\"nofollow noopener\" target=\"_blank\">BVB<\/a> l\u00e4uft noch bis 2026, dennoch gilt der 48-malige Nationalspieler aufgrund schwankender Leistungen als m\u00f6glicher Wechselkandidat. BVB-Sportdirektor Sebastian Kehl sprach zuletzt offen von einer &#8222;schwierigen Situation&#8220; in Bezug auf den Mittelfeldspieler.<\/p>\n<p class=\"text-18 leading-17\">Finanziell w\u00e4re ein Transfer allerdings eine Herausforderung. Laut Sky m\u00fcsste Brandt bei einem Wechsel nach <a class=\"transition-colors duration-200 cursor-pointer text-inherit no-underline text-salemsfur md:hover:text-magenta md:hover:border-magenta md:focus:text-magenta border-current border-b border-solid break-words\" href=\"https:\/\/www.t-online.de\/region\/bremen\/\" data-sctrack=\"BodyAnchor\" rel=\"nofollow noopener\" target=\"_blank\">Bremen<\/a> mit deutlichen Gehaltseinbu\u00dfen rechnen, was die Realisierung des Transfers unwahrscheinlicher macht.<\/p>\n<p class=\"text-18 leading-17\">Rekordnationalspieler <a class=\"transition-colors duration-200 cursor-pointer text-inherit no-underline text-salemsfur md:hover:text-magenta md:hover:border-magenta md:focus:text-magenta border-current border-b border-solid break-words\" href=\"https:\/\/www.t-online.de\/themen\/lothar-matthaeus\/\" data-sctrack=\"BodyAnchor\" rel=\"nofollow noopener\" target=\"_blank\">Lothar Matth\u00e4us<\/a> sieht in einem Wechsel dennoch Chancen f\u00fcr alle Beteiligten. In seiner Sky-Kolumne schrieb er: &#8222;F\u00fcr Brandt k\u00f6nnte es eine Chance sein, zu einem Verein zu gehen, bei dem er nicht so im Fokus steht. In Bremen kann er zeigen, dass er es nach wie vor in der <a class=\"transition-colors duration-200 cursor-pointer text-inherit no-underline text-salemsfur md:hover:text-magenta md:hover:border-magenta md:focus:text-magenta border-current border-b border-solid break-words\" href=\"https:\/\/www.t-online.de\/sport\/fussball\/bundesliga\/\" data-sctrack=\"BodyAnchor\" rel=\"nofollow noopener\" target=\"_blank\">Bundesliga<\/a> kann.&#8220; Der TV-Experte erg\u00e4nzte: &#8222;In Bremen k\u00f6nnte Julian m\u00f6glicherweise der Julian sein, der er gerne sein m\u00f6chte. N\u00e4mlich Fu\u00dfballspielen mit Spa\u00df und Freude.&#8220;<\/p>\n<p class=\"text-18 leading-17\">F\u00fcr den geb\u00fcrtigen Bremer w\u00e4re es eine Art Heimkehr, obwohl er bislang nie f\u00fcr Werder aktiv war. Eine Verbindung gibt es dennoch: Sein j\u00fcngerer Bruder Jascha (22) spielte bis zum Sommer 2023 in der U23 des SVW. Eine offizielle Stellungnahme der Vereine zu den Ger\u00fcchten gibt es bislang nicht.<\/p>\n","protected":false},"excerpt":{"rendered":"Heimkehr an die Weser? Werder Bremen soll Transfer von Julian Brandt erw\u00e4gen 22.04.2025 &#8211; 04:21 UhrLesedauer: 2 Min.&hellip;\n","protected":false},"author":2,"featured_media":51088,"comment_status":"","ping_status":"","sticky":false,"template":"","format":"standard","meta":{"footnotes":""},"categories":[1824],"tags":[3176,2420,403,3364,29,30,24435,17811,7603,14997,2365,24434,4978],"class_list":{"0":"post-51087","1":"post","2":"type-post","3":"status-publish","4":"format-standard","5":"has-post-thumbnail","7":"category-bremen","8":"tag-3176","9":"tag-bremen","10":"tag-bvb","11":"tag-de","12":"tag-deutschland","13":"tag-germany","14":"tag-heimkehr","15":"tag-julian-brandt","16":"tag-lothar-matthaeus","17":"tag-sebastian-kehl","18":"tag-sv-werder-bremen","19":"tag-transferzettel","20":"tag-weser"},"share_on_mastodon":{"url":"https:\/\/pubeurope.com\/@de\/114379437344515585","error":""},"_links":{"self":[{"href":"https:\/\/www.europesays.com\/de\/wp-json\/wp\/v2\/posts\/51087","targetHints":{"allow":["GET"]}}],"collection":[{"href":"https:\/\/www.europesays.com\/de\/wp-json\/wp\/v2\/posts"}],"about":[{"href":"https:\/\/www.europesays.com\/de\/wp-json\/wp\/v2\/types\/post"}],"author":[{"embeddable":true,"href":"https:\/\/www.europesays.com\/de\/wp-json\/wp\/v2\/users\/2"}],"replies":[{"embeddable":true,"href":"https:\/\/www.europesays.com\/de\/wp-json\/wp\/v2\/comments?post=51087"}],"version-history":[{"count":0,"href":"https:\/\/www.europesays.com\/de\/wp-json\/wp\/v2\/posts\/51087\/revisions"}],"wp:featuredmedia":[{"embeddable":true,"href":"https:\/\/www.europesays.com\/de\/wp-json\/wp\/v2\/media\/51088"}],"wp:attachment":[{"href":"https:\/\/www.europesays.com\/de\/wp-json\/wp\/v2\/media?parent=51087"}],"wp:term":[{"taxonomy":"category","embeddable":true,"href":"https:\/\/www.europesays.com\/de\/wp-json\/wp\/v2\/categories?post=51087"},{"taxonomy":"post_tag","embeddable":true,"href":"https:\/\/www.europesays.com\/de\/wp-json\/wp\/v2\/tags?post=51087"}],"curies":[{"name":"wp","href":"https:\/\/api.w.org\/{rel}","templated":true}]}}