{"id":510885,"date":"2025-10-19T13:09:11","date_gmt":"2025-10-19T13:09:11","guid":{"rendered":"https:\/\/www.europesays.com\/de\/510885\/"},"modified":"2025-10-19T13:09:11","modified_gmt":"2025-10-19T13:09:11","slug":"braunschweig-paderborn-backhaus-fassungslos-das-laesst-tief-blicken-2","status":"publish","type":"post","link":"https:\/\/www.europesays.com\/de\/510885\/","title":{"rendered":"Braunschweig &#8211; Paderborn: Backhaus fassungslos! DAS l\u00e4sst tief blicken"},"content":{"rendered":"<p>Vor der Partie Braunschweig \u2013 Paderborn hatte sich der BTSV viel vorgenommen. Man wollte nach f\u00fcnf sieglosen Spielen am St\u00fcck endlich wieder drei Punkte einfahren. Vor allem die Defensive sollte gegen den SCP deutlich besser agieren in den letzten Spielen. <\/p>\n<p>Doch nach nur wenigen Sekunden war dieser Plan schon dahin: Im Spiel <a href=\"https:\/\/www.news38.de\/sport\/eintracht-braunschweig\" rel=\"nofollow noopener\" target=\"_blank\">Braunschweig \u2013 Paderborn<\/a> trafen die G\u00e4ste nach weniger als einer Minute. Das Verhalten seiner Mannschaft lie\u00df sogar Heiner Backhaus fassungslos zur\u00fcck. <\/p>\n<p> Braunschweig \u2013 Paderborn: Backhaus nach Blitz-Gegentor in Schockstarre <\/p>\n<p>Es dauerte gerade einmal 30 Sekunden, bis der BTSV einmal mehr einem R\u00fcckstand hinterherrennen musste. Wieder ging es f\u00fcr den Gegner zu einfach, wieder stellten sich die L\u00f6wen nicht sonderlich clever an. Backhaus wirkte nach dem fr\u00fchen Gegentor wie versteinert.<\/p>\n<p>Knapp eine Minute stand der Chefcoach regungslos an der Seitenlinie, zuckte lediglich einige Male mit der Schulter. Er selbst konnte nicht glauben, wie einfach seine Mannschaft die Gegentore kassiert. Nach einem einfachen Ballverlust von Fabio Di Michele Sanchez rennen die L\u00f6wen nur hinterher, k\u00f6nnen die Flanke nicht verhindern und verpassen in Person von Kapit\u00e4n Sven K\u00f6hler das Kopfballduell in der Mitte. <\/p>\n<p>++ <a href=\"https:\/\/www.news38.de\/sport\/eintracht-braunschweig\/article300620123\/eintracht-braunschweig-sc-paderborn-erbst-dfb.html\" rel=\"nofollow noopener\" target=\"_blank\">Offiziell! DFB-Entscheidung f\u00fcr Eintracht Braunschweig \u2013 SC Paderborn gefallen<\/a> ++<\/p>\n<p>All das, was sich Backhaus und der BTSV vorgenommen hatten, war nach nicht einmal einer Minute schon hin\u00fcber. Die Fehlerquote in der Braunschweiger Defensive war und ist schlichtweg zu hoch. <\/p>\n<p> Klassenunterschied zwischen BTSV und SCP <\/p>\n<p>In der gesamten ersten H\u00e4lfte hatte <a href=\"https:\/\/www.news38.de\/sport\/eintracht-braunschweig\/article300620123\/eintracht-braunschweig-sc-paderborn-erbst-dfb.html\" rel=\"nofollow noopener\" target=\"_blank\">Braunschweig <\/a>nichts zu melden, die G\u00e4ste spielten die F\u00fchrung kontrolliert und m\u00fchelos herunter. Es schien, als w\u00fcrden die Ostwestfalen im zweiten Gang agieren k\u00f6nnen und dennoch \u00fcberlegen sein. Es war einmal mehr eine Halbzeit zu vergessen. Das d\u00fcrfte auch Backhaus nicht anders sehen. <\/p>\n<p>Weitere News: <\/p>\n<p>Derzeit l\u00e4uft es bei den L\u00f6wen absolut nicht. Viele Verletzte, ein sportlicher R\u00fcckschlag nach dem anderen: So langsam wird es f\u00fcr Backhaus und Co. wieder ungem\u00fctlich in Liga zwei. <\/p>\n","protected":false},"excerpt":{"rendered":"Vor der Partie Braunschweig \u2013 Paderborn hatte sich der BTSV viel vorgenommen. Man wollte nach f\u00fcnf sieglosen Spielen&hellip;\n","protected":false},"author":2,"featured_media":473809,"comment_status":"","ping_status":"","sticky":false,"template":"","format":"standard","meta":{"footnotes":""},"categories":[1850],"tags":[6429,3364,29,548,663,3934,30,13,14,15,1411,12],"class_list":{"0":"post-510885","1":"post","2":"type-post","3":"status-publish","4":"format-standard","5":"has-post-thumbnail","7":"category-braunschweig","8":"tag-braunschweig","9":"tag-de","10":"tag-deutschland","11":"tag-eu","12":"tag-europa","13":"tag-europe","14":"tag-germany","15":"tag-headlines","16":"tag-nachrichten","17":"tag-news","18":"tag-niedersachsen","19":"tag-schlagzeilen"},"share_on_mastodon":{"url":"https:\/\/pubeurope.com\/@de\/115400996527972944","error":""},"_links":{"self":[{"href":"https:\/\/www.europesays.com\/de\/wp-json\/wp\/v2\/posts\/510885","targetHints":{"allow":["GET"]}}],"collection":[{"href":"https:\/\/www.europesays.com\/de\/wp-json\/wp\/v2\/posts"}],"about":[{"href":"https:\/\/www.europesays.com\/de\/wp-json\/wp\/v2\/types\/post"}],"author":[{"embeddable":true,"href":"https:\/\/www.europesays.com\/de\/wp-json\/wp\/v2\/users\/2"}],"replies":[{"embeddable":true,"href":"https:\/\/www.europesays.com\/de\/wp-json\/wp\/v2\/comments?post=510885"}],"version-history":[{"count":0,"href":"https:\/\/www.europesays.com\/de\/wp-json\/wp\/v2\/posts\/510885\/revisions"}],"wp:featuredmedia":[{"embeddable":true,"href":"https:\/\/www.europesays.com\/de\/wp-json\/wp\/v2\/media\/473809"}],"wp:attachment":[{"href":"https:\/\/www.europesays.com\/de\/wp-json\/wp\/v2\/media?parent=510885"}],"wp:term":[{"taxonomy":"category","embeddable":true,"href":"https:\/\/www.europesays.com\/de\/wp-json\/wp\/v2\/categories?post=510885"},{"taxonomy":"post_tag","embeddable":true,"href":"https:\/\/www.europesays.com\/de\/wp-json\/wp\/v2\/tags?post=510885"}],"curies":[{"name":"wp","href":"https:\/\/api.w.org\/{rel}","templated":true}]}}